{"id":3864,"date":"2022-12-20T20:19:01","date_gmt":"2022-12-20T19:19:01","guid":{"rendered":"http:\/\/alergia.org.pl\/?p=3864"},"modified":"2022-12-20T20:19:01","modified_gmt":"2022-12-20T19:19:01","slug":"4-2022","status":"publish","type":"post","link":"http:\/\/alergia.org.pl\/index.php\/2022\/12\/20\/4-2022\/","title":{"rendered":"4-2022"},"content":{"rendered":"\n<table id=\"tablepress-68\" class=\"tablepress tablepress-id-68\">\n<thead>\n<tr class=\"row-1 odd\">\n\t<th class=\"column-1\"><a href=\"http:\/\/alergia.org.pl\/index.php\/2022\/12\/20\/4-2022-spis-tresci\/\">4-2022 spis tre\u015bci<\/a><\/th><th class=\"column-2\">&nbsp;<\/th>\n<\/tr>\n<\/thead>\n<tbody class=\"row-hover\">\n<tr class=\"row-2 even\">\n\t<td class=\"column-1\"><a href=\"http:\/\/alergia.org.pl\/index.php\/2022\/12\/20\/podstawy-terapii-inhalacyjnej-czesc-1\/\">Podstawy terapii inhalacyjnej \u2013 cz\u0119\u015b\u0107 1<\/a><\/td><td class=\"column-2\">Prof. dr hab. n. med. Micha\u0142 Piro\u017cy\u0144ski<\/td>\n<\/tr>\n<tr class=\"row-3 odd\">\n\t<td class=\"column-1\"><a href=\"http:\/\/alergia.org.pl\/index.php\/2022\/12\/20\/rola-trpv1-w-chorobach-alergicznych\/\">Rola TRPV1 w chorobach alergicznych<\/a><\/td><td class=\"column-2\">Dr n. med. Beata Naro\u017cna<\/td>\n<\/tr>\n<tr class=\"row-4 even\">\n\t<td class=\"column-1\"><a href=\"http:\/\/alergia.org.pl\/index.php\/2022\/12\/20\/badania-asocjacyjne-calego-transkryptomu-twas-w-astmie\/\">Badania asocjacyjne ca\u0142ego transkryptomu (TWAS) w astmie<\/a><\/td><td class=\"column-2\">Dr n. med. Beata Naro\u017cna<\/td>\n<\/tr>\n<tr class=\"row-5 odd\">\n\t<td class=\"column-1\"><a href=\"http:\/\/alergia.org.pl\/index.php\/2022\/12\/20\/w-roku-2022-ema-zaopiniowala-pozytywnie-szereg-wnioskow-dotyczacych-nowych-produktow-leczniczych\/\">W roku 2022 EMA zaopiniowa\u0142a pozytywnie szereg wniosk\u00f3w dotycz\u0105cych nowych produkt\u00f3w leczniczych<\/a><\/td><td class=\"column-2\">Prof. dr hab. n. med. Micha\u0142 Piro\u017cy\u0144ski<\/td>\n<\/tr>\n<tr class=\"row-6 even\">\n\t<td class=\"column-1\"><a href=\"http:\/\/alergia.org.pl\/index.php\/2022\/12\/20\/czterdziesci-lat-minelo\/\">Czterdzie\u015bci lat min\u0119\u0142o\u2026<\/a><\/td><td class=\"column-2\"><\/td>\n<\/tr>\n<tr class=\"row-7 odd\">\n\t<td class=\"column-1\"><a href=\"http:\/\/alergia.org.pl\/index.php\/2022\/12\/20\/kwas-sorbowy-kwas-benzoesowy-i-ich-sole-oraz-parabeny-jako-przyczyna-reakcji-nadwrazliwosci\/\">Kwas sorbowy, kwas benzoesowy i ich sole oraz parabeny jako przyczyna reakcji nadwra\u017cliwo\u015bci<\/a><\/td><td class=\"column-2\">Dr n. med. Kinga Lis<\/td>\n<\/tr>\n<tr class=\"row-8 even\">\n\t<td class=\"column-1\"><a href=\"http:\/\/alergia.org.pl\/index.php\/2022\/12\/20\/alergia-pokarmowa\/\">Alergia pokarmowa<\/a><\/td><td class=\"column-2\">Dr n. med. Anna Zawadzka-Krajewska<\/td>\n<\/tr>\n<\/tbody>\n<\/table>\n<!-- #tablepress-68 from cache -->\n","protected":false},"excerpt":{"rendered":"","protected":false},"author":14,"featured_media":0,"comment_status":"closed","ping_status":"closed","sticky":false,"template":"","format":"standard","meta":[],"categories":[1],"tags":[],"_links":{"self":[{"href":"http:\/\/alergia.org.pl\/index.php\/wp-json\/wp\/v2\/posts\/3864"}],"collection":[{"href":"http:\/\/alergia.org.pl\/index.php\/wp-json\/wp\/v2\/posts"}],"about":[{"href":"http:\/\/alergia.org.pl\/index.php\/wp-json\/wp\/v2\/types\/post"}],"author":[{"embeddable":true,"href":"http:\/\/alergia.org.pl\/index.php\/wp-json\/wp\/v2\/users\/14"}],"replies":[{"embeddable":true,"href":"http:\/\/alergia.org.pl\/index.php\/wp-json\/wp\/v2\/comments?post=3864"}],"version-history":[{"count":1,"href":"http:\/\/alergia.org.pl\/index.php\/wp-json\/wp\/v2\/posts\/3864\/revisions"}],"predecessor-version":[{"id":3865,"href":"http:\/\/alergia.org.pl\/index.php\/wp-json\/wp\/v2\/posts\/3864\/revisions\/3865"}],"wp:attachment":[{"href":"http:\/\/alergia.org.pl\/index.php\/wp-json\/wp\/v2\/media?parent=3864"}],"wp:term":[{"taxonomy":"category","embeddable":true,"href":"http:\/\/alergia.org.pl\/index.php\/wp-json\/wp\/v2\/categories?post=3864"},{"taxonomy":"post_tag","embeddable":true,"href":"http:\/\/alergia.org.pl\/index.php\/wp-json\/wp\/v2\/tags?post=3864"}],"curies":[{"name":"wp","href":"https:\/\/api.w.org\/{rel}","templated":true}]}}