{"id":373,"date":"2017-08-10T23:14:35","date_gmt":"2017-08-10T21:14:35","guid":{"rendered":"http:\/\/alergia.org.pl\/?p=373"},"modified":"2017-08-16T23:18:04","modified_gmt":"2017-08-16T21:18:04","slug":"analiza-program-lekowego-leczenie-ciezkiej-astmy-alergicznej-ige-zaleznej-omalizumabem","status":"publish","type":"post","link":"http:\/\/alergia.org.pl\/index.php\/2017\/08\/10\/analiza-program-lekowego-leczenie-ciezkiej-astmy-alergicznej-ige-zaleznej-omalizumabem\/","title":{"rendered":"Analiza program lekowego: &#8222;Leczenie ci\u0119\u017ckiej astmy alergicznej IGE zale\u017cnej omalizumabem&#8221;"},"content":{"rendered":"<a href=\"http:\/\/alergia.org.pl\/wp-content\/uploads\/2017\/08\/Analiza-program-lekowego-Leczenie-ci\u0119\u017ckiej-astmy-alergicznej-IGE-zale\u017cnej-omalizumabem.pdf\" class=\"pdfemb-viewer\" style=\"\" data-width=\"max\" data-height=\"max\"  data-toolbar=\"both\" data-toolbar-fixed=\"on\">Analiza program lekowego - Leczenie ci\u0119\u017ckiej astmy alergicznej IGE zale\u017cnej omalizumabem<br\/><\/a>\n","protected":false},"excerpt":{"rendered":"","protected":false},"author":1,"featured_media":0,"comment_status":"closed","ping_status":"closed","sticky":false,"template":"","format":"standard","meta":[],"categories":[20],"tags":[],"_links":{"self":[{"href":"http:\/\/alergia.org.pl\/index.php\/wp-json\/wp\/v2\/posts\/373"}],"collection":[{"href":"http:\/\/alergia.org.pl\/index.php\/wp-json\/wp\/v2\/posts"}],"about":[{"href":"http:\/\/alergia.org.pl\/index.php\/wp-json\/wp\/v2\/types\/post"}],"author":[{"embeddable":true,"href":"http:\/\/alergia.org.pl\/index.php\/wp-json\/wp\/v2\/users\/1"}],"replies":[{"embeddable":true,"href":"http:\/\/alergia.org.pl\/index.php\/wp-json\/wp\/v2\/comments?post=373"}],"version-history":[{"count":2,"href":"http:\/\/alergia.org.pl\/index.php\/wp-json\/wp\/v2\/posts\/373\/revisions"}],"predecessor-version":[{"id":518,"href":"http:\/\/alergia.org.pl\/index.php\/wp-json\/wp\/v2\/posts\/373\/revisions\/518"}],"wp:attachment":[{"href":"http:\/\/alergia.org.pl\/index.php\/wp-json\/wp\/v2\/media?parent=373"}],"wp:term":[{"taxonomy":"category","embeddable":true,"href":"http:\/\/alergia.org.pl\/index.php\/wp-json\/wp\/v2\/categories?post=373"},{"taxonomy":"post_tag","embeddable":true,"href":"http:\/\/alergia.org.pl\/index.php\/wp-json\/wp\/v2\/tags?post=373"}],"curies":[{"name":"wp","href":"https:\/\/api.w.org\/{rel}","templated":true}]}}