{"id":3585,"date":"2021-12-30T10:55:42","date_gmt":"2021-12-30T09:55:42","guid":{"rendered":"http:\/\/alergia.org.pl\/?p=3585"},"modified":"2021-12-30T10:55:42","modified_gmt":"2021-12-30T09:55:42","slug":"4-2021","status":"publish","type":"post","link":"http:\/\/alergia.org.pl\/index.php\/2021\/12\/30\/4-2021\/","title":{"rendered":"4-2021"},"content":{"rendered":"\n<table id=\"tablepress-63\" class=\"tablepress tablepress-id-63\">\n<thead>\n<tr class=\"row-1 odd\">\n\t<th class=\"column-1\"><a href=\"http:\/\/alergia.org.pl\/index.php\/2021\/12\/30\/spis-tresci-4-2021\/\">spis tre\u015bci 4-2021<\/a><\/th><th class=\"column-2\">&nbsp;<\/th>\n<\/tr>\n<\/thead>\n<tbody class=\"row-hover\">\n<tr class=\"row-2 even\">\n\t<td class=\"column-1\"><a href=\"http:\/\/alergia.org.pl\/index.php\/2021\/12\/30\/fenotypy-nadwrazliwosci-na-nlpz\/\">Fenotypy nadwra\u017cliwo\u015bci na NLPZ<\/a><\/td><td class=\"column-2\">Prof. dr hab. n. med. Bernard Panaszek<\/td>\n<\/tr>\n<tr class=\"row-3 odd\">\n\t<td class=\"column-1\"><a href=\"http:\/\/alergia.org.pl\/index.php\/2021\/12\/30\/ocena-poprawnosci-stosowania-inhalatorow-suchego-proszku-typu-dysk-przez-chorych-na-pochp\/\">Ocena poprawno\u015bci stosowania inhalator\u00f3w suchego proszku typu dysk przez chorych na POChP<\/a><\/td><td class=\"column-2\">Dr hab. n. med. Katarzyna G\u00f3rska<\/td>\n<\/tr>\n<tr class=\"row-4 even\">\n\t<td class=\"column-1\"><a href=\"http:\/\/alergia.org.pl\/index.php\/2021\/12\/30\/czy-wartosc-mmad-wdychanego-aerozolu-ma-wylacznie-znaczenie-teoretyczne\/\">Czy warto\u015b\u0107 MMAD wdychanego aerozolu ma wy\u0142\u0105cznie znaczenie teoretyczne<\/a><\/td><td class=\"column-2\">Prof. dr hab. n. med. Micha\u0142 Piro\u017cy\u0144ski<\/td>\n<\/tr>\n<tr class=\"row-5 odd\">\n\t<td class=\"column-1\"><a href=\"http:\/\/alergia.org.pl\/index.php\/2021\/12\/30\/zapalenie-blony-sluzowej-nosa-i-zatok-czy-astma\/\">Zapalenie b\u0142ony \u015bluzowej nosa i zatok czy astma<\/a><\/td><td class=\"column-2\">Dr n. med. Anna Zawadzka-Krajewska<\/td>\n<\/tr>\n<tr class=\"row-6 even\">\n\t<td class=\"column-1\"><a href=\"http:\/\/alergia.org.pl\/index.php\/2021\/12\/30\/glikokortykosteroidy-systemowe-praktyczny-przeglad-zastosowan-i-dawkowania\/\">Glikokortykosteroidy systemowe \u2013 praktyczny przegl\u0105d zastosowa\u0144 i dawkowania<\/a><\/td><td class=\"column-2\">Lek. med. Robert Kurecki<\/td>\n<\/tr>\n<tr class=\"row-7 odd\">\n\t<td class=\"column-1\"><a href=\"http:\/\/alergia.org.pl\/index.php\/2021\/12\/30\/zachwyceni-blekitem-niebieskie-jedzenie-a-alergie-szkodzi-czy-leczy\/\">Zachwyceni b\u0142\u0119kitem \u2013 niebieskie jedzenie a alergie \u2013 szkodzi czy leczy<\/a><\/td><td class=\"column-2\">Dr n. med. Kinga Lis<\/td>\n<\/tr>\n<tr class=\"row-8 even\">\n\t<td class=\"column-1\"><a href=\"http:\/\/alergia.org.pl\/index.php\/2021\/12\/30\/metabolomika-astmy-alergicznej\/\">Metabolomika astmy alergicznej<\/a><\/td><td class=\"column-2\">Dr n. med. Beata Naro\u017cna<\/td>\n<\/tr>\n<tr class=\"row-9 odd\">\n\t<td class=\"column-1\"><a href=\"http:\/\/alergia.org.pl\/index.php\/2021\/12\/30\/moja-przygoda-z-alergologia-wojskowa-i-nie-tylko\/\">Moja przygoda z alergologi\u0105 ,,wojskow\u0105\u201d i nie tylko<\/a><\/td><td class=\"column-2\">Prof. dr hab. n. med. Jerzy Kruszewski<\/td>\n<\/tr>\n<\/tbody>\n<\/table>\n<!-- #tablepress-63 from cache -->\n","protected":false},"excerpt":{"rendered":"","protected":false},"author":14,"featured_media":0,"comment_status":"closed","ping_status":"closed","sticky":false,"template":"","format":"standard","meta":[],"categories":[1],"tags":[],"_links":{"self":[{"href":"http:\/\/alergia.org.pl\/index.php\/wp-json\/wp\/v2\/posts\/3585"}],"collection":[{"href":"http:\/\/alergia.org.pl\/index.php\/wp-json\/wp\/v2\/posts"}],"about":[{"href":"http:\/\/alergia.org.pl\/index.php\/wp-json\/wp\/v2\/types\/post"}],"author":[{"embeddable":true,"href":"http:\/\/alergia.org.pl\/index.php\/wp-json\/wp\/v2\/users\/14"}],"replies":[{"embeddable":true,"href":"http:\/\/alergia.org.pl\/index.php\/wp-json\/wp\/v2\/comments?post=3585"}],"version-history":[{"count":2,"href":"http:\/\/alergia.org.pl\/index.php\/wp-json\/wp\/v2\/posts\/3585\/revisions"}],"predecessor-version":[{"id":3590,"href":"http:\/\/alergia.org.pl\/index.php\/wp-json\/wp\/v2\/posts\/3585\/revisions\/3590"}],"wp:attachment":[{"href":"http:\/\/alergia.org.pl\/index.php\/wp-json\/wp\/v2\/media?parent=3585"}],"wp:term":[{"taxonomy":"category","embeddable":true,"href":"http:\/\/alergia.org.pl\/index.php\/wp-json\/wp\/v2\/categories?post=3585"},{"taxonomy":"post_tag","embeddable":true,"href":"http:\/\/alergia.org.pl\/index.php\/wp-json\/wp\/v2\/tags?post=3585"}],"curies":[{"name":"wp","href":"https:\/\/api.w.org\/{rel}","templated":true}]}}