{"id":3438,"date":"2021-09-23T14:22:33","date_gmt":"2021-09-23T12:22:33","guid":{"rendered":"http:\/\/alergia.org.pl\/?p=3438"},"modified":"2021-09-23T14:22:46","modified_gmt":"2021-09-23T12:22:46","slug":"nadwrazliwosc-na-tartrazyne-czy-to-istotny-problem","status":"publish","type":"post","link":"http:\/\/alergia.org.pl\/index.php\/2021\/09\/23\/nadwrazliwosc-na-tartrazyne-czy-to-istotny-problem\/","title":{"rendered":"Nadwra\u017cliwo\u015b\u0107 na tartrazyn\u0119 \u2013 czy to istotny problem"},"content":{"rendered":"\n<figure class=\"wp-block-image size-large\"><img loading=\"lazy\" width=\"724\" height=\"1024\" src=\"http:\/\/alergia.org.pl\/wp-content\/uploads\/2021\/09\/19-23-Lis_Nadwrazliwosc-na-tartrazyne_OK-1-724x1024.jpg\" alt=\"\" class=\"wp-image-3440\" srcset=\"http:\/\/alergia.org.pl\/wp-content\/uploads\/2021\/09\/19-23-Lis_Nadwrazliwosc-na-tartrazyne_OK-1-724x1024.jpg 724w, http:\/\/alergia.org.pl\/wp-content\/uploads\/2021\/09\/19-23-Lis_Nadwrazliwosc-na-tartrazyne_OK-1-212x300.jpg 212w, http:\/\/alergia.org.pl\/wp-content\/uploads\/2021\/09\/19-23-Lis_Nadwrazliwosc-na-tartrazyne_OK-1-768x1086.jpg 768w, http:\/\/alergia.org.pl\/wp-content\/uploads\/2021\/09\/19-23-Lis_Nadwrazliwosc-na-tartrazyne_OK-1-1086x1536.jpg 1086w, http:\/\/alergia.org.pl\/wp-content\/uploads\/2021\/09\/19-23-Lis_Nadwrazliwosc-na-tartrazyne_OK-1-1448x2048.jpg 1448w, http:\/\/alergia.org.pl\/wp-content\/uploads\/2021\/09\/19-23-Lis_Nadwrazliwosc-na-tartrazyne_OK-1-scaled.jpg 1810w\" sizes=\"(max-width: 724px) 100vw, 724px\" \/><\/figure>\n\n\n\n<figure class=\"wp-block-image size-large\"><img loading=\"lazy\" width=\"724\" height=\"1024\" src=\"http:\/\/alergia.org.pl\/wp-content\/uploads\/2021\/09\/19-23-Lis_Nadwrazliwosc-na-tartrazyne_OK_Page_2-1-724x1024.jpg\" alt=\"\" class=\"wp-image-3441\" srcset=\"http:\/\/alergia.org.pl\/wp-content\/uploads\/2021\/09\/19-23-Lis_Nadwrazliwosc-na-tartrazyne_OK_Page_2-1-724x1024.jpg 724w, http:\/\/alergia.org.pl\/wp-content\/uploads\/2021\/09\/19-23-Lis_Nadwrazliwosc-na-tartrazyne_OK_Page_2-1-212x300.jpg 212w, http:\/\/alergia.org.pl\/wp-content\/uploads\/2021\/09\/19-23-Lis_Nadwrazliwosc-na-tartrazyne_OK_Page_2-1-768x1086.jpg 768w, http:\/\/alergia.org.pl\/wp-content\/uploads\/2021\/09\/19-23-Lis_Nadwrazliwosc-na-tartrazyne_OK_Page_2-1-1086x1536.jpg 1086w, http:\/\/alergia.org.pl\/wp-content\/uploads\/2021\/09\/19-23-Lis_Nadwrazliwosc-na-tartrazyne_OK_Page_2-1-1448x2048.jpg 1448w, http:\/\/alergia.org.pl\/wp-content\/uploads\/2021\/09\/19-23-Lis_Nadwrazliwosc-na-tartrazyne_OK_Page_2-1.jpg 1615w\" sizes=\"(max-width: 724px) 100vw, 724px\" \/><\/figure>\n\n\n\n<figure class=\"wp-block-image size-large\"><img loading=\"lazy\" width=\"724\" height=\"1024\" src=\"http:\/\/alergia.org.pl\/wp-content\/uploads\/2021\/09\/19-23-Lis_Nadwrazliwosc-na-tartrazyne_OK_Page_3-724x1024.jpg\" alt=\"\" class=\"wp-image-3443\" srcset=\"http:\/\/alergia.org.pl\/wp-content\/uploads\/2021\/09\/19-23-Lis_Nadwrazliwosc-na-tartrazyne_OK_Page_3-724x1024.jpg 724w, http:\/\/alergia.org.pl\/wp-content\/uploads\/2021\/09\/19-23-Lis_Nadwrazliwosc-na-tartrazyne_OK_Page_3-212x300.jpg 212w, http:\/\/alergia.org.pl\/wp-content\/uploads\/2021\/09\/19-23-Lis_Nadwrazliwosc-na-tartrazyne_OK_Page_3-768x1086.jpg 768w, http:\/\/alergia.org.pl\/wp-content\/uploads\/2021\/09\/19-23-Lis_Nadwrazliwosc-na-tartrazyne_OK_Page_3-1086x1536.jpg 1086w, http:\/\/alergia.org.pl\/wp-content\/uploads\/2021\/09\/19-23-Lis_Nadwrazliwosc-na-tartrazyne_OK_Page_3-1448x2048.jpg 1448w, http:\/\/alergia.org.pl\/wp-content\/uploads\/2021\/09\/19-23-Lis_Nadwrazliwosc-na-tartrazyne_OK_Page_3.jpg 1615w\" sizes=\"(max-width: 724px) 100vw, 724px\" \/><\/figure>\n\n\n\n<figure class=\"wp-block-image size-large\"><img loading=\"lazy\" width=\"724\" height=\"1024\" src=\"http:\/\/alergia.org.pl\/wp-content\/uploads\/2021\/09\/19-23-Lis_Nadwrazliwosc-na-tartrazyne_OK_Page_4-1-724x1024.jpg\" alt=\"\" class=\"wp-image-3444\" srcset=\"http:\/\/alergia.org.pl\/wp-content\/uploads\/2021\/09\/19-23-Lis_Nadwrazliwosc-na-tartrazyne_OK_Page_4-1-724x1024.jpg 724w, http:\/\/alergia.org.pl\/wp-content\/uploads\/2021\/09\/19-23-Lis_Nadwrazliwosc-na-tartrazyne_OK_Page_4-1-212x300.jpg 212w, http:\/\/alergia.org.pl\/wp-content\/uploads\/2021\/09\/19-23-Lis_Nadwrazliwosc-na-tartrazyne_OK_Page_4-1-768x1086.jpg 768w, http:\/\/alergia.org.pl\/wp-content\/uploads\/2021\/09\/19-23-Lis_Nadwrazliwosc-na-tartrazyne_OK_Page_4-1-1086x1536.jpg 1086w, http:\/\/alergia.org.pl\/wp-content\/uploads\/2021\/09\/19-23-Lis_Nadwrazliwosc-na-tartrazyne_OK_Page_4-1-1448x2048.jpg 1448w, http:\/\/alergia.org.pl\/wp-content\/uploads\/2021\/09\/19-23-Lis_Nadwrazliwosc-na-tartrazyne_OK_Page_4-1.jpg 1615w\" sizes=\"(max-width: 724px) 100vw, 724px\" \/><\/figure>\n\n\n\n<figure class=\"wp-block-image size-large\"><img loading=\"lazy\" width=\"724\" height=\"1024\" src=\"http:\/\/alergia.org.pl\/wp-content\/uploads\/2021\/09\/19-23-Lis_Nadwrazliwosc-na-tartrazyne_OK_Page_5-724x1024.jpg\" alt=\"\" class=\"wp-image-3445\" srcset=\"http:\/\/alergia.org.pl\/wp-content\/uploads\/2021\/09\/19-23-Lis_Nadwrazliwosc-na-tartrazyne_OK_Page_5-724x1024.jpg 724w, http:\/\/alergia.org.pl\/wp-content\/uploads\/2021\/09\/19-23-Lis_Nadwrazliwosc-na-tartrazyne_OK_Page_5-212x300.jpg 212w, http:\/\/alergia.org.pl\/wp-content\/uploads\/2021\/09\/19-23-Lis_Nadwrazliwosc-na-tartrazyne_OK_Page_5-768x1086.jpg 768w, http:\/\/alergia.org.pl\/wp-content\/uploads\/2021\/09\/19-23-Lis_Nadwrazliwosc-na-tartrazyne_OK_Page_5-1086x1536.jpg 1086w, http:\/\/alergia.org.pl\/wp-content\/uploads\/2021\/09\/19-23-Lis_Nadwrazliwosc-na-tartrazyne_OK_Page_5-1448x2048.jpg 1448w, http:\/\/alergia.org.pl\/wp-content\/uploads\/2021\/09\/19-23-Lis_Nadwrazliwosc-na-tartrazyne_OK_Page_5.jpg 1615w\" sizes=\"(max-width: 724px) 100vw, 724px\" \/><\/figure>\n","protected":false},"excerpt":{"rendered":"","protected":false},"author":14,"featured_media":0,"comment_status":"closed","ping_status":"closed","sticky":false,"template":"","format":"standard","meta":[],"categories":[1],"tags":[],"_links":{"self":[{"href":"http:\/\/alergia.org.pl\/index.php\/wp-json\/wp\/v2\/posts\/3438"}],"collection":[{"href":"http:\/\/alergia.org.pl\/index.php\/wp-json\/wp\/v2\/posts"}],"about":[{"href":"http:\/\/alergia.org.pl\/index.php\/wp-json\/wp\/v2\/types\/post"}],"author":[{"embeddable":true,"href":"http:\/\/alergia.org.pl\/index.php\/wp-json\/wp\/v2\/users\/14"}],"replies":[{"embeddable":true,"href":"http:\/\/alergia.org.pl\/index.php\/wp-json\/wp\/v2\/comments?post=3438"}],"version-history":[{"count":2,"href":"http:\/\/alergia.org.pl\/index.php\/wp-json\/wp\/v2\/posts\/3438\/revisions"}],"predecessor-version":[{"id":3448,"href":"http:\/\/alergia.org.pl\/index.php\/wp-json\/wp\/v2\/posts\/3438\/revisions\/3448"}],"wp:attachment":[{"href":"http:\/\/alergia.org.pl\/index.php\/wp-json\/wp\/v2\/media?parent=3438"}],"wp:term":[{"taxonomy":"category","embeddable":true,"href":"http:\/\/alergia.org.pl\/index.php\/wp-json\/wp\/v2\/categories?post=3438"},{"taxonomy":"post_tag","embeddable":true,"href":"http:\/\/alergia.org.pl\/index.php\/wp-json\/wp\/v2\/tags?post=3438"}],"curies":[{"name":"wp","href":"https:\/\/api.w.org\/{rel}","templated":true}]}}