{"id":3395,"date":"2021-07-01T17:12:21","date_gmt":"2021-07-01T15:12:21","guid":{"rendered":"http:\/\/alergia.org.pl\/?p=3395"},"modified":"2021-09-23T13:40:46","modified_gmt":"2021-09-23T11:40:46","slug":"2-2021","status":"publish","type":"post","link":"http:\/\/alergia.org.pl\/index.php\/2021\/07\/01\/2-2021\/","title":{"rendered":"2\/2021"},"content":{"rendered":"\n<div class=\"wp-container-1 wp-block-group\"><div class=\"wp-block-group__inner-container\">\n<table id=\"tablepress-61\" class=\"tablepress tablepress-id-61\">\n<thead>\n<tr class=\"row-1 odd\">\n\t<th class=\"column-1\"><a href=\"http:\/\/alergia.org.pl\/index.php\/2021\/07\/01\/2-2021-spis-tresci\/\">2-2021 spis tre\u015bci<\/a><\/th><th class=\"column-2\">&nbsp;<\/th>\n<\/tr>\n<\/thead>\n<tbody class=\"row-hover\">\n<tr class=\"row-2 even\">\n\t<td class=\"column-1\"><a href=\"http:\/\/alergia.org.pl\/index.php\/2021\/09\/23\/nowe-spojrzenie-na-zastosowanie-glikokortykosteroidow-w-stanach-naglych\/\">Nowe spojrzenie na zastosowanie glikokortykosteroid\u00f3w w stanach nag\u0142ych<\/a><\/td><td class=\"column-2\">Prof. dr hab. n. med. Bernard Panaszek<\/td>\n<\/tr>\n<tr class=\"row-3 odd\">\n\t<td class=\"column-1\"><a href=\"http:\/\/alergia.org.pl\/index.php\/2021\/09\/23\/zasady-dobory-inhalatora-u-chorych-na-zaawansowana-lub-niekontrolowana-astme-pochp\/\">Zasady dobory inhalatora u chorych na zaawansowan\u0105 lub niekontrolowan\u0105 astm\u0119 \/ POChP<\/a><\/td><td class=\"column-2\">Prof. dr hab. n. med. Micha\u0142 Piro\u017cy\u0144ski<\/td>\n<\/tr>\n<tr class=\"row-4 even\">\n\t<td class=\"column-1\"><a href=\"http:\/\/alergia.org.pl\/index.php\/2021\/09\/23\/nadwrazliwosc-na-tartrazyne-czy-to-istotny-problem\/\">Nadwra\u017cliwo\u015b\u0107 na tartrazyn\u0119 \u2013 czy to istotny problem<\/a><\/td><td class=\"column-2\">Dr n. med. Kinga Lis<\/td>\n<\/tr>\n<tr class=\"row-5 odd\">\n\t<td class=\"column-1\"><a href=\"http:\/\/alergia.org.pl\/index.php\/2021\/09\/23\/terapia-inhalacyjna-w-astmie-u-dzieci-2\/\">Terapia inhalacyjna w astmie u dzieci<\/a><\/td><td class=\"column-2\">Dr hab. n. med. Ewa Cichocka-Jarosz<\/td>\n<\/tr>\n<tr class=\"row-6 even\">\n\t<td class=\"column-1\"><a href=\"http:\/\/alergia.org.pl\/index.php\/2021\/09\/23\/badanie-spirometryczne-doskonala-alternatywa-roznicowa-chorob-obturacyjnych\/\">Badanie spirometryczne \u2013 doskona\u0142a alternatywa r\u00f3\u017cnicowa chor\u00f3b obturacyjnych<\/a><\/td><td class=\"column-2\">Dr hab. n o zdr. Edyta Krzych-Fa\u0142ta<\/td>\n<\/tr>\n<tr class=\"row-7 odd\">\n\t<td class=\"column-1\"><a href=\"http:\/\/alergia.org.pl\/index.php\/2021\/09\/23\/nowe-perspektywy-w-terapii-alergii-pokarmowej\/\">Nowe perspektywy w terapii alergii pokarmowej<\/a><\/td><td class=\"column-2\">Dr n. med. Beata Naro\u017cna<\/td>\n<\/tr>\n<tr class=\"row-8 even\">\n\t<td class=\"column-1\"><a href=\"http:\/\/alergia.org.pl\/index.php\/2021\/09\/23\/pierwotna-dyskineza-rzesek-czy-astma-2\/\">Pierwotna dyskineza rz\u0119sek czy astma<\/a><\/td><td class=\"column-2\">Dr n. med. Anna<br \/>\nZawadzka-Krajewska<\/td>\n<\/tr>\n<tr class=\"row-9 odd\">\n\t<td class=\"column-1\"><a href=\"http:\/\/alergia.org.pl\/index.php\/2021\/09\/23\/przeszlosc-zobowiazuje-historia-katedry-i-kliniki-pediatrii-w-pigulce\/\">Przesz\u0142o\u015b\u0107 zobowi\u0105zuje \u2013 historia Katedry i Kliniki Pediatrii w pigu\u0142ce<\/a><\/td><td class=\"column-2\">Dr hab. n. med. Ewa Cichocka-Jarosz<\/td>\n<\/tr>\n<\/tbody>\n<\/table>\n<!-- #tablepress-61 from cache -->\n<\/div><\/div>\n\n\n\n<p><\/p>\n","protected":false},"excerpt":{"rendered":"","protected":false},"author":14,"featured_media":0,"comment_status":"closed","ping_status":"closed","sticky":false,"template":"","format":"standard","meta":[],"categories":[1],"tags":[],"_links":{"self":[{"href":"http:\/\/alergia.org.pl\/index.php\/wp-json\/wp\/v2\/posts\/3395"}],"collection":[{"href":"http:\/\/alergia.org.pl\/index.php\/wp-json\/wp\/v2\/posts"}],"about":[{"href":"http:\/\/alergia.org.pl\/index.php\/wp-json\/wp\/v2\/types\/post"}],"author":[{"embeddable":true,"href":"http:\/\/alergia.org.pl\/index.php\/wp-json\/wp\/v2\/users\/14"}],"replies":[{"embeddable":true,"href":"http:\/\/alergia.org.pl\/index.php\/wp-json\/wp\/v2\/comments?post=3395"}],"version-history":[{"count":4,"href":"http:\/\/alergia.org.pl\/index.php\/wp-json\/wp\/v2\/posts\/3395\/revisions"}],"predecessor-version":[{"id":3413,"href":"http:\/\/alergia.org.pl\/index.php\/wp-json\/wp\/v2\/posts\/3395\/revisions\/3413"}],"wp:attachment":[{"href":"http:\/\/alergia.org.pl\/index.php\/wp-json\/wp\/v2\/media?parent=3395"}],"wp:term":[{"taxonomy":"category","embeddable":true,"href":"http:\/\/alergia.org.pl\/index.php\/wp-json\/wp\/v2\/categories?post=3395"},{"taxonomy":"post_tag","embeddable":true,"href":"http:\/\/alergia.org.pl\/index.php\/wp-json\/wp\/v2\/tags?post=3395"}],"curies":[{"name":"wp","href":"https:\/\/api.w.org\/{rel}","templated":true}]}}