{"id":3369,"date":"2021-07-01T16:56:34","date_gmt":"2021-07-01T14:56:34","guid":{"rendered":"http:\/\/alergia.org.pl\/?p=3369"},"modified":"2021-07-01T17:07:09","modified_gmt":"2021-07-01T15:07:09","slug":"rozpoznawanie-i-leczenie-astmy-w-czasie-pandemii-czy-mozna-cos-poprawic","status":"publish","type":"post","link":"http:\/\/alergia.org.pl\/index.php\/2021\/07\/01\/rozpoznawanie-i-leczenie-astmy-w-czasie-pandemii-czy-mozna-cos-poprawic\/","title":{"rendered":"Rozpoznawanie i leczenie astmy w czasie pandemii &#8211; czy mo\u017cna co\u015b poprawi\u0107"},"content":{"rendered":"\n<div class=\"wp-block-file\"><a href=\"http:\/\/alergia.org.pl\/wp-content\/uploads\/2021\/07\/40-42-DOBROWIECKI.pdf\" class=\"wp-block-file__button\" download>Pobierz<\/a><\/div>\n\n\n\n<figure class=\"wp-block-image size-large\"><img loading=\"lazy\" width=\"724\" height=\"1024\" src=\"http:\/\/alergia.org.pl\/wp-content\/uploads\/2021\/07\/40-42-DOBROWIECKI_Page_1-724x1024.jpg\" alt=\"\" class=\"wp-image-3371\" srcset=\"http:\/\/alergia.org.pl\/wp-content\/uploads\/2021\/07\/40-42-DOBROWIECKI_Page_1-724x1024.jpg 724w, http:\/\/alergia.org.pl\/wp-content\/uploads\/2021\/07\/40-42-DOBROWIECKI_Page_1-212x300.jpg 212w, http:\/\/alergia.org.pl\/wp-content\/uploads\/2021\/07\/40-42-DOBROWIECKI_Page_1-768x1086.jpg 768w, http:\/\/alergia.org.pl\/wp-content\/uploads\/2021\/07\/40-42-DOBROWIECKI_Page_1-1086x1536.jpg 1086w, http:\/\/alergia.org.pl\/wp-content\/uploads\/2021\/07\/40-42-DOBROWIECKI_Page_1-1448x2048.jpg 1448w, http:\/\/alergia.org.pl\/wp-content\/uploads\/2021\/07\/40-42-DOBROWIECKI_Page_1.jpg 1615w\" sizes=\"(max-width: 724px) 100vw, 724px\" \/><\/figure>\n\n\n\n<figure class=\"wp-block-image size-large\"><img loading=\"lazy\" width=\"724\" height=\"1024\" src=\"http:\/\/alergia.org.pl\/wp-content\/uploads\/2021\/07\/40-42-DOBROWIECKI_Page_2-724x1024.jpg\" alt=\"\" class=\"wp-image-3372\" srcset=\"http:\/\/alergia.org.pl\/wp-content\/uploads\/2021\/07\/40-42-DOBROWIECKI_Page_2-724x1024.jpg 724w, http:\/\/alergia.org.pl\/wp-content\/uploads\/2021\/07\/40-42-DOBROWIECKI_Page_2-212x300.jpg 212w, http:\/\/alergia.org.pl\/wp-content\/uploads\/2021\/07\/40-42-DOBROWIECKI_Page_2-768x1086.jpg 768w, http:\/\/alergia.org.pl\/wp-content\/uploads\/2021\/07\/40-42-DOBROWIECKI_Page_2-1086x1536.jpg 1086w, http:\/\/alergia.org.pl\/wp-content\/uploads\/2021\/07\/40-42-DOBROWIECKI_Page_2-1448x2048.jpg 1448w, http:\/\/alergia.org.pl\/wp-content\/uploads\/2021\/07\/40-42-DOBROWIECKI_Page_2.jpg 1615w\" sizes=\"(max-width: 724px) 100vw, 724px\" \/><\/figure>\n\n\n\n<figure class=\"wp-block-image size-large\"><img loading=\"lazy\" width=\"724\" height=\"1024\" src=\"http:\/\/alergia.org.pl\/wp-content\/uploads\/2021\/07\/40-42-DOBROWIECKI_Page_3-724x1024.jpg\" alt=\"\" class=\"wp-image-3373\" srcset=\"http:\/\/alergia.org.pl\/wp-content\/uploads\/2021\/07\/40-42-DOBROWIECKI_Page_3-724x1024.jpg 724w, http:\/\/alergia.org.pl\/wp-content\/uploads\/2021\/07\/40-42-DOBROWIECKI_Page_3-212x300.jpg 212w, http:\/\/alergia.org.pl\/wp-content\/uploads\/2021\/07\/40-42-DOBROWIECKI_Page_3-768x1086.jpg 768w, http:\/\/alergia.org.pl\/wp-content\/uploads\/2021\/07\/40-42-DOBROWIECKI_Page_3-1086x1536.jpg 1086w, http:\/\/alergia.org.pl\/wp-content\/uploads\/2021\/07\/40-42-DOBROWIECKI_Page_3-1448x2048.jpg 1448w, http:\/\/alergia.org.pl\/wp-content\/uploads\/2021\/07\/40-42-DOBROWIECKI_Page_3.jpg 1615w\" sizes=\"(max-width: 724px) 100vw, 724px\" \/><\/figure>\n","protected":false},"excerpt":{"rendered":"","protected":false},"author":14,"featured_media":0,"comment_status":"closed","ping_status":"closed","sticky":false,"template":"","format":"standard","meta":[],"categories":[1],"tags":[],"_links":{"self":[{"href":"http:\/\/alergia.org.pl\/index.php\/wp-json\/wp\/v2\/posts\/3369"}],"collection":[{"href":"http:\/\/alergia.org.pl\/index.php\/wp-json\/wp\/v2\/posts"}],"about":[{"href":"http:\/\/alergia.org.pl\/index.php\/wp-json\/wp\/v2\/types\/post"}],"author":[{"embeddable":true,"href":"http:\/\/alergia.org.pl\/index.php\/wp-json\/wp\/v2\/users\/14"}],"replies":[{"embeddable":true,"href":"http:\/\/alergia.org.pl\/index.php\/wp-json\/wp\/v2\/comments?post=3369"}],"version-history":[{"count":3,"href":"http:\/\/alergia.org.pl\/index.php\/wp-json\/wp\/v2\/posts\/3369\/revisions"}],"predecessor-version":[{"id":3391,"href":"http:\/\/alergia.org.pl\/index.php\/wp-json\/wp\/v2\/posts\/3369\/revisions\/3391"}],"wp:attachment":[{"href":"http:\/\/alergia.org.pl\/index.php\/wp-json\/wp\/v2\/media?parent=3369"}],"wp:term":[{"taxonomy":"category","embeddable":true,"href":"http:\/\/alergia.org.pl\/index.php\/wp-json\/wp\/v2\/categories?post=3369"},{"taxonomy":"post_tag","embeddable":true,"href":"http:\/\/alergia.org.pl\/index.php\/wp-json\/wp\/v2\/tags?post=3369"}],"curies":[{"name":"wp","href":"https:\/\/api.w.org\/{rel}","templated":true}]}}