{"id":3321,"date":"2021-07-01T16:47:10","date_gmt":"2021-07-01T14:47:10","guid":{"rendered":"http:\/\/alergia.org.pl\/?p=3321"},"modified":"2021-07-01T17:05:44","modified_gmt":"2021-07-01T15:05:44","slug":"postepowanie-u-dziecka-z-pediatrycznym-wieloukladowym-zespolem-zapalnym-czasowo-zwiazanym-z-covid-19-pims-ts-w-swietle-aktualnych-rekomendacji","status":"publish","type":"post","link":"http:\/\/alergia.org.pl\/index.php\/2021\/07\/01\/postepowanie-u-dziecka-z-pediatrycznym-wieloukladowym-zespolem-zapalnym-czasowo-zwiazanym-z-covid-19-pims-ts-w-swietle-aktualnych-rekomendacji\/","title":{"rendered":"Postepowanie u dziecka z pediatrycznym wielouk\u0142adowym zespo\u0142em zapalnym czasowo zwi\u0105zanym z COVID-19 (PIMS-TS) w \u015bwietle aktualnych rekomendacji"},"content":{"rendered":"\n<div class=\"wp-block-file\"><a href=\"http:\/\/alergia.org.pl\/wp-content\/uploads\/2021\/07\/11-17-OPOKA.pdf\" class=\"wp-block-file__button\" download>Pobierz<\/a><\/div>\n\n\n\n<figure class=\"wp-block-image size-large\"><img loading=\"lazy\" width=\"724\" height=\"1024\" src=\"http:\/\/alergia.org.pl\/wp-content\/uploads\/2021\/07\/11-17-OPOKA_Page_1-1-724x1024.jpg\" alt=\"\" class=\"wp-image-3324\" srcset=\"http:\/\/alergia.org.pl\/wp-content\/uploads\/2021\/07\/11-17-OPOKA_Page_1-1-724x1024.jpg 724w, http:\/\/alergia.org.pl\/wp-content\/uploads\/2021\/07\/11-17-OPOKA_Page_1-1-212x300.jpg 212w, http:\/\/alergia.org.pl\/wp-content\/uploads\/2021\/07\/11-17-OPOKA_Page_1-1-768x1086.jpg 768w, http:\/\/alergia.org.pl\/wp-content\/uploads\/2021\/07\/11-17-OPOKA_Page_1-1-1086x1536.jpg 1086w, http:\/\/alergia.org.pl\/wp-content\/uploads\/2021\/07\/11-17-OPOKA_Page_1-1-1448x2048.jpg 1448w, http:\/\/alergia.org.pl\/wp-content\/uploads\/2021\/07\/11-17-OPOKA_Page_1-1.jpg 1615w\" sizes=\"(max-width: 724px) 100vw, 724px\" \/><\/figure>\n\n\n\n<figure class=\"wp-block-image size-large\"><img loading=\"lazy\" width=\"724\" height=\"1024\" src=\"http:\/\/alergia.org.pl\/wp-content\/uploads\/2021\/07\/11-17-OPOKA_Page_2-724x1024.jpg\" alt=\"\" class=\"wp-image-3325\" srcset=\"http:\/\/alergia.org.pl\/wp-content\/uploads\/2021\/07\/11-17-OPOKA_Page_2-724x1024.jpg 724w, http:\/\/alergia.org.pl\/wp-content\/uploads\/2021\/07\/11-17-OPOKA_Page_2-212x300.jpg 212w, http:\/\/alergia.org.pl\/wp-content\/uploads\/2021\/07\/11-17-OPOKA_Page_2-768x1086.jpg 768w, http:\/\/alergia.org.pl\/wp-content\/uploads\/2021\/07\/11-17-OPOKA_Page_2-1086x1536.jpg 1086w, http:\/\/alergia.org.pl\/wp-content\/uploads\/2021\/07\/11-17-OPOKA_Page_2-1448x2048.jpg 1448w, http:\/\/alergia.org.pl\/wp-content\/uploads\/2021\/07\/11-17-OPOKA_Page_2.jpg 1615w\" sizes=\"(max-width: 724px) 100vw, 724px\" \/><\/figure>\n\n\n\n<figure class=\"wp-block-image size-large\"><img loading=\"lazy\" width=\"724\" height=\"1024\" src=\"http:\/\/alergia.org.pl\/wp-content\/uploads\/2021\/07\/11-17-OPOKA_Page_3-724x1024.jpg\" alt=\"\" class=\"wp-image-3326\" srcset=\"http:\/\/alergia.org.pl\/wp-content\/uploads\/2021\/07\/11-17-OPOKA_Page_3-724x1024.jpg 724w, http:\/\/alergia.org.pl\/wp-content\/uploads\/2021\/07\/11-17-OPOKA_Page_3-212x300.jpg 212w, http:\/\/alergia.org.pl\/wp-content\/uploads\/2021\/07\/11-17-OPOKA_Page_3-768x1086.jpg 768w, http:\/\/alergia.org.pl\/wp-content\/uploads\/2021\/07\/11-17-OPOKA_Page_3-1086x1536.jpg 1086w, http:\/\/alergia.org.pl\/wp-content\/uploads\/2021\/07\/11-17-OPOKA_Page_3-1448x2048.jpg 1448w, http:\/\/alergia.org.pl\/wp-content\/uploads\/2021\/07\/11-17-OPOKA_Page_3.jpg 1615w\" sizes=\"(max-width: 724px) 100vw, 724px\" \/><\/figure>\n\n\n\n<figure class=\"wp-block-image size-large\"><img loading=\"lazy\" width=\"724\" height=\"1024\" src=\"http:\/\/alergia.org.pl\/wp-content\/uploads\/2021\/07\/11-17-OPOKA_Page_4-724x1024.jpg\" alt=\"\" class=\"wp-image-3327\" srcset=\"http:\/\/alergia.org.pl\/wp-content\/uploads\/2021\/07\/11-17-OPOKA_Page_4-724x1024.jpg 724w, http:\/\/alergia.org.pl\/wp-content\/uploads\/2021\/07\/11-17-OPOKA_Page_4-212x300.jpg 212w, http:\/\/alergia.org.pl\/wp-content\/uploads\/2021\/07\/11-17-OPOKA_Page_4-768x1086.jpg 768w, http:\/\/alergia.org.pl\/wp-content\/uploads\/2021\/07\/11-17-OPOKA_Page_4-1086x1536.jpg 1086w, http:\/\/alergia.org.pl\/wp-content\/uploads\/2021\/07\/11-17-OPOKA_Page_4-1448x2048.jpg 1448w, http:\/\/alergia.org.pl\/wp-content\/uploads\/2021\/07\/11-17-OPOKA_Page_4.jpg 1615w\" sizes=\"(max-width: 724px) 100vw, 724px\" \/><\/figure>\n\n\n\n<figure class=\"wp-block-image size-large\"><img loading=\"lazy\" width=\"724\" height=\"1024\" src=\"http:\/\/alergia.org.pl\/wp-content\/uploads\/2021\/07\/11-17-OPOKA_Page_5-724x1024.jpg\" alt=\"\" class=\"wp-image-3328\" srcset=\"http:\/\/alergia.org.pl\/wp-content\/uploads\/2021\/07\/11-17-OPOKA_Page_5-724x1024.jpg 724w, http:\/\/alergia.org.pl\/wp-content\/uploads\/2021\/07\/11-17-OPOKA_Page_5-212x300.jpg 212w, http:\/\/alergia.org.pl\/wp-content\/uploads\/2021\/07\/11-17-OPOKA_Page_5-768x1086.jpg 768w, http:\/\/alergia.org.pl\/wp-content\/uploads\/2021\/07\/11-17-OPOKA_Page_5-1086x1536.jpg 1086w, http:\/\/alergia.org.pl\/wp-content\/uploads\/2021\/07\/11-17-OPOKA_Page_5-1448x2048.jpg 1448w, http:\/\/alergia.org.pl\/wp-content\/uploads\/2021\/07\/11-17-OPOKA_Page_5.jpg 1615w\" sizes=\"(max-width: 724px) 100vw, 724px\" \/><\/figure>\n\n\n\n<figure class=\"wp-block-image size-large\"><img loading=\"lazy\" width=\"724\" height=\"1024\" src=\"http:\/\/alergia.org.pl\/wp-content\/uploads\/2021\/07\/11-17-OPOKA_Page_6-724x1024.jpg\" alt=\"\" class=\"wp-image-3329\" srcset=\"http:\/\/alergia.org.pl\/wp-content\/uploads\/2021\/07\/11-17-OPOKA_Page_6-724x1024.jpg 724w, http:\/\/alergia.org.pl\/wp-content\/uploads\/2021\/07\/11-17-OPOKA_Page_6-212x300.jpg 212w, http:\/\/alergia.org.pl\/wp-content\/uploads\/2021\/07\/11-17-OPOKA_Page_6-768x1086.jpg 768w, http:\/\/alergia.org.pl\/wp-content\/uploads\/2021\/07\/11-17-OPOKA_Page_6-1086x1536.jpg 1086w, http:\/\/alergia.org.pl\/wp-content\/uploads\/2021\/07\/11-17-OPOKA_Page_6-1448x2048.jpg 1448w, http:\/\/alergia.org.pl\/wp-content\/uploads\/2021\/07\/11-17-OPOKA_Page_6.jpg 1615w\" sizes=\"(max-width: 724px) 100vw, 724px\" \/><\/figure>\n\n\n\n<figure class=\"wp-block-image size-large\"><img loading=\"lazy\" width=\"724\" height=\"1024\" src=\"http:\/\/alergia.org.pl\/wp-content\/uploads\/2021\/07\/11-17-OPOKA_Page_7-724x1024.jpg\" alt=\"\" class=\"wp-image-3330\" srcset=\"http:\/\/alergia.org.pl\/wp-content\/uploads\/2021\/07\/11-17-OPOKA_Page_7-724x1024.jpg 724w, http:\/\/alergia.org.pl\/wp-content\/uploads\/2021\/07\/11-17-OPOKA_Page_7-212x300.jpg 212w, http:\/\/alergia.org.pl\/wp-content\/uploads\/2021\/07\/11-17-OPOKA_Page_7-768x1086.jpg 768w, http:\/\/alergia.org.pl\/wp-content\/uploads\/2021\/07\/11-17-OPOKA_Page_7-1086x1536.jpg 1086w, http:\/\/alergia.org.pl\/wp-content\/uploads\/2021\/07\/11-17-OPOKA_Page_7-1448x2048.jpg 1448w, http:\/\/alergia.org.pl\/wp-content\/uploads\/2021\/07\/11-17-OPOKA_Page_7.jpg 1615w\" sizes=\"(max-width: 724px) 100vw, 724px\" \/><\/figure>\n","protected":false},"excerpt":{"rendered":"","protected":false},"author":14,"featured_media":0,"comment_status":"closed","ping_status":"closed","sticky":false,"template":"","format":"standard","meta":[],"categories":[1],"tags":[],"_links":{"self":[{"href":"http:\/\/alergia.org.pl\/index.php\/wp-json\/wp\/v2\/posts\/3321"}],"collection":[{"href":"http:\/\/alergia.org.pl\/index.php\/wp-json\/wp\/v2\/posts"}],"about":[{"href":"http:\/\/alergia.org.pl\/index.php\/wp-json\/wp\/v2\/types\/post"}],"author":[{"embeddable":true,"href":"http:\/\/alergia.org.pl\/index.php\/wp-json\/wp\/v2\/users\/14"}],"replies":[{"embeddable":true,"href":"http:\/\/alergia.org.pl\/index.php\/wp-json\/wp\/v2\/comments?post=3321"}],"version-history":[{"count":2,"href":"http:\/\/alergia.org.pl\/index.php\/wp-json\/wp\/v2\/posts\/3321\/revisions"}],"predecessor-version":[{"id":3386,"href":"http:\/\/alergia.org.pl\/index.php\/wp-json\/wp\/v2\/posts\/3321\/revisions\/3386"}],"wp:attachment":[{"href":"http:\/\/alergia.org.pl\/index.php\/wp-json\/wp\/v2\/media?parent=3321"}],"wp:term":[{"taxonomy":"category","embeddable":true,"href":"http:\/\/alergia.org.pl\/index.php\/wp-json\/wp\/v2\/categories?post=3321"},{"taxonomy":"post_tag","embeddable":true,"href":"http:\/\/alergia.org.pl\/index.php\/wp-json\/wp\/v2\/tags?post=3321"}],"curies":[{"name":"wp","href":"https:\/\/api.w.org\/{rel}","templated":true}]}}