{"id":3284,"date":"2021-04-12T12:12:07","date_gmt":"2021-04-12T10:12:07","guid":{"rendered":"http:\/\/alergia.org.pl\/?p=3284"},"modified":"2021-04-12T12:14:51","modified_gmt":"2021-04-12T10:14:51","slug":"1-2021","status":"publish","type":"post","link":"http:\/\/alergia.org.pl\/index.php\/2021\/04\/12\/1-2021\/","title":{"rendered":"1\/2021"},"content":{"rendered":"\n\n<table id=\"tablepress-59\" class=\"tablepress tablepress-id-59\">\n<thead>\n<tr class=\"row-1 odd\">\n\t<th class=\"column-1\"><a href=\"http:\/\/alergia.org.pl\/index.php\/2021\/04\/12\/1-2021-spis-tresci\/\">1-2021 spis tre\u015bci<\/a><\/th><th class=\"column-2\">&nbsp;<\/th>\n<\/tr>\n<\/thead>\n<tbody class=\"row-hover\">\n<tr class=\"row-2 even\">\n\t<td class=\"column-1\"><a href=\"http:\/\/alergia.org.pl\/index.php\/2021\/07\/01\/terapia-inhalacyjna-w-astmie-u-dzieci\/\">Terapia inhalacyjna w astmie u dzieci<\/a><\/td><td class=\"column-2\">Dr hab. n. med. Ewa Cichocka-Jarosz<\/td>\n<\/tr>\n<tr class=\"row-3 odd\">\n\t<td class=\"column-1\"><a href=\"http:\/\/alergia.org.pl\/index.php\/2021\/07\/01\/postepowanie-u-dziecka-z-pediatrycznym-wieloukladowym-zespolem-zapalnym-czasowo-zwiazanym-z-covid-19-pims-ts-w-swietle-aktualnych-rekomendacji\/\">Postepowanie u dziecka z pediatrycznym wielouk\u0142adowym zespo\u0142em zapalnym czasowo zwi\u0105zanym z COVID-19 (PIMS-TS) w \u015bwietle aktualnych rekomendacji<\/a><\/td><td class=\"column-2\">Dr hab. n.med. Violetta<br \/>\nOpoka-Winiarska<\/td>\n<\/tr>\n<tr class=\"row-4 even\">\n\t<td class=\"column-1\"><a href=\"http:\/\/alergia.org.pl\/index.php\/2021\/07\/01\/dobor-inhalatora-suchego-proszku-dpi-elementem-krytycznym-w-powodzeniu-terapii-inhalacyjnej\/\">Dob\u00f3r inhalatora suchego proszku (DPI) elementem krytycznym w powodzeniu terapii inhalacyjnej<\/a><\/td><td class=\"column-2\">Prof. dr hab. n. med. Micha\u0142 Piro\u017cy\u0144ski<\/td>\n<\/tr>\n<tr class=\"row-5 odd\">\n\t<td class=\"column-1\"><a href=\"http:\/\/alergia.org.pl\/index.php\/2021\/07\/01\/zespol-jelita-nadwrazliwego-czy-alergia-pokarmowa\/\">Zesp\u00f3\u0142 jelita nadwra\u017cliwego czy alergia pokarmowa<\/a><\/td><td class=\"column-2\">Dr n. med. Anna Zawadzka-Krajewska<\/td>\n<\/tr>\n<tr class=\"row-6 even\">\n\t<td class=\"column-1\"><a href=\"http:\/\/alergia.org.pl\/index.php\/2021\/07\/01\/dorazne-stosowanie-wziewnych-glikokortykosteroidow-w-astmie-oskrzelowej-wygrana-potyczka-faktow-z-mitami\/\">Dora\u017ane stosowanie wziewnych glikokortykosteroid\u00f3w w astmie oskrzelowej \u2013 wygrana potyczka fakt\u00f3w z mitami<\/a><\/td><td class=\"column-2\">Prof. dr hab. n. med. Bernard Panaszek<\/td>\n<\/tr>\n<tr class=\"row-7 odd\">\n\t<td class=\"column-1\"><a href=\"http:\/\/alergia.org.pl\/index.php\/2021\/07\/01\/koszenila-alergen-wielu-mozliwosci\/\">Koszenila \u2013 alergen wielu mo\u017cliwo\u015bci<\/a><\/td><td class=\"column-2\">Dr n. med. Kinga Lis<\/td>\n<\/tr>\n<tr class=\"row-8 even\">\n\t<td class=\"column-1\"><a href=\"http:\/\/alergia.org.pl\/index.php\/2021\/07\/01\/czynniki-genetyczne-podatnosci-na-infekcje-wirusem-sars-cov-2\/\">Czynniki genetyczne podatno\u015bci na infekcj\u0119 wirusem SARS-CoV-2<\/a><\/td><td class=\"column-2\">Dr n. med. Beata Naro\u017cna<\/td>\n<\/tr>\n<tr class=\"row-9 odd\">\n\t<td class=\"column-1\"><a href=\"http:\/\/alergia.org.pl\/index.php\/2021\/07\/01\/rozpoznawanie-i-leczenie-astmy-w-czasie-pandemii-czy-mozna-cos-poprawic\/\">Rozpoznawanie i leczenie astmy w czasie pandemii \u2013 czy mo\u017cna co\u015b poprawi\u0107<\/a><\/td><td class=\"column-2\">Dr n. med. Piotr D\u0105browiecki<\/td>\n<\/tr>\n<\/tbody>\n<\/table>\n<!-- #tablepress-59 from cache -->\n","protected":false},"excerpt":{"rendered":"","protected":false},"author":14,"featured_media":0,"comment_status":"closed","ping_status":"closed","sticky":false,"template":"","format":"standard","meta":[],"categories":[1],"tags":[],"_links":{"self":[{"href":"http:\/\/alergia.org.pl\/index.php\/wp-json\/wp\/v2\/posts\/3284"}],"collection":[{"href":"http:\/\/alergia.org.pl\/index.php\/wp-json\/wp\/v2\/posts"}],"about":[{"href":"http:\/\/alergia.org.pl\/index.php\/wp-json\/wp\/v2\/types\/post"}],"author":[{"embeddable":true,"href":"http:\/\/alergia.org.pl\/index.php\/wp-json\/wp\/v2\/users\/14"}],"replies":[{"embeddable":true,"href":"http:\/\/alergia.org.pl\/index.php\/wp-json\/wp\/v2\/comments?post=3284"}],"version-history":[{"count":2,"href":"http:\/\/alergia.org.pl\/index.php\/wp-json\/wp\/v2\/posts\/3284\/revisions"}],"predecessor-version":[{"id":3287,"href":"http:\/\/alergia.org.pl\/index.php\/wp-json\/wp\/v2\/posts\/3284\/revisions\/3287"}],"wp:attachment":[{"href":"http:\/\/alergia.org.pl\/index.php\/wp-json\/wp\/v2\/media?parent=3284"}],"wp:term":[{"taxonomy":"category","embeddable":true,"href":"http:\/\/alergia.org.pl\/index.php\/wp-json\/wp\/v2\/categories?post=3284"},{"taxonomy":"post_tag","embeddable":true,"href":"http:\/\/alergia.org.pl\/index.php\/wp-json\/wp\/v2\/tags?post=3284"}],"curies":[{"name":"wp","href":"https:\/\/api.w.org\/{rel}","templated":true}]}}