{"id":300,"date":"2017-08-10T22:44:35","date_gmt":"2017-08-10T20:44:35","guid":{"rendered":"http:\/\/alergia.org.pl\/?p=300"},"modified":"2017-08-10T23:19:11","modified_gmt":"2017-08-10T21:19:11","slug":"12016","status":"publish","type":"post","link":"http:\/\/alergia.org.pl\/index.php\/2017\/08\/10\/12016\/","title":{"rendered":"1\/2016"},"content":{"rendered":"\n<table id=\"tablepress-8\" class=\"tablepress tablepress-id-8\">\n<thead>\n<tr class=\"row-1 odd\">\n\t<th class=\"column-1\">Tytu\u0142<\/th><th class=\"column-2\">Autor<\/th>\n<\/tr>\n<\/thead>\n<tbody class=\"row-hover\">\n<tr class=\"row-2 even\">\n\t<td class=\"column-1\"><a href=\"http:\/\/alergia.org.pl\/index.php\/2017\/08\/10\/nie-tylko-alergeny-nietolerancja-histaminy\/\">Nie tylko alergeny: nietolerancja histaminy<\/a><\/td><td class=\"column-2\">Buczylko K.<\/td>\n<\/tr>\n<tr class=\"row-3 odd\">\n\t<td class=\"column-1\"><a href=\"http:\/\/alergia.org.pl\/index.php\/2017\/08\/10\/uklad-immunologiczny-osob-starszych\/\">Uk\u0142ad immunologiczny os\u00f3b starszych<\/a><\/td><td class=\"column-2\">Rozy A.<\/td>\n<\/tr>\n<tr class=\"row-4 even\">\n\t<td class=\"column-1\"><a href=\"http:\/\/alergia.org.pl\/index.php\/2017\/08\/10\/zanieczyszczenia-powietrza-a-zdrowie-co-nowego-i-istotnego\/\">Zanieczyszczenia powietrza a zdrowie \u2013 co nowego i istotnego<\/a><\/td><td class=\"column-2\">Palczynski C.<\/td>\n<\/tr>\n<tr class=\"row-5 odd\">\n\t<td class=\"column-1\"><a href=\"http:\/\/alergia.org.pl\/index.php\/2017\/08\/10\/rola-genu-ormdl3-w-patogenezie-astmy\/\">Rola genu ORMDL3 w patogenezie astmy<\/a><\/td><td class=\"column-2\">Szczepankiewicz A.<\/td>\n<\/tr>\n<tr class=\"row-6 even\">\n\t<td class=\"column-1\"><a href=\"http:\/\/alergia.org.pl\/index.php\/2017\/08\/10\/immunoterapia-alergenowa-w-polsce-czym-roznimy-sie-od-swiata\/\">Immunoterapia alergenowa w Polsce \u2013 czym r\u00f3\u017cnimy si\u0119 od \u015bwiata<\/a><\/td><td class=\"column-2\">Emeryk A.<\/td>\n<\/tr>\n<tr class=\"row-7 odd\">\n\t<td class=\"column-1\"><a href=\"http:\/\/alergia.org.pl\/index.php\/2017\/08\/10\/zespol-nakladania-astmy-i-pochp-przypadki-kliniczne\/\">Zesp\u00f3\u0142 nak\u0142adania astmy i POChP \u2013 przypadki kliniczne<\/a><\/td><td class=\"column-2\">Panaszek B.<\/td>\n<\/tr>\n<tr class=\"row-8 even\">\n\t<td class=\"column-1\"><a href=\"http:\/\/alergia.org.pl\/index.php\/2017\/08\/10\/punktowe-testy-skorne-najczestsze-pytania-rodzicow\/\">Punktowe testy sk\u00f3rne \u2013 najcz\u0119stsze pytania rodzic\u00f3w<\/a><\/td><td class=\"column-2\">Zawadzka-Krajewska A.<\/td>\n<\/tr>\n<tr class=\"row-9 odd\">\n\t<td class=\"column-1\"><a href=\"http:\/\/alergia.org.pl\/index.php\/2017\/08\/10\/jak-dostarczyc-lek-w-miejsce-gdzie-powinien-dzialac-leki-dwuskladnikowe-na-przykladzie-inhalatora\/\">Jak dostarczy\u0107 lek w miejsce gdzie powinien dzia\u0142a\u0107 \u2013 leki dwusk\u0142adnikowe na przyk\u0142adzie inhalatora<\/a><\/td><td class=\"column-2\">Pirozynski M.<\/td>\n<\/tr>\n<tr class=\"row-10 even\">\n\t<td class=\"column-1\"><a href=\"http:\/\/alergia.org.pl\/index.php\/2017\/08\/10\/sezon-pylenia-roslin-w-polsce-w-2015-roku\/\">Sezon pylenia ro\u015blin w Polsce w 2015 roku<\/a><\/td><td class=\"column-2\">Rapiejko P.<\/td>\n<\/tr>\n<tr class=\"row-11 odd\">\n\t<td class=\"column-1\"><a href=\"http:\/\/alergia.org.pl\/index.php\/2017\/08\/10\/analiza-program-lekowego-leczenie-ciezkiej-astmy-alergicznej-ige-zaleznej-omalizumabem\/\">Analiza program lekowego: \"Leczenie ci\u0119\u017ckiej astmy alergicznej IGE zale\u017cnej omalizumabem\"<\/a><\/td><td class=\"column-2\">Jahnz-Rozyk K.<\/td>\n<\/tr>\n<\/tbody>\n<\/table>\n<!-- #tablepress-8 from cache -->\n","protected":false},"excerpt":{"rendered":"","protected":false},"author":1,"featured_media":0,"comment_status":"closed","ping_status":"closed","sticky":false,"template":"","format":"standard","meta":[],"categories":[20],"tags":[],"_links":{"self":[{"href":"http:\/\/alergia.org.pl\/index.php\/wp-json\/wp\/v2\/posts\/300"}],"collection":[{"href":"http:\/\/alergia.org.pl\/index.php\/wp-json\/wp\/v2\/posts"}],"about":[{"href":"http:\/\/alergia.org.pl\/index.php\/wp-json\/wp\/v2\/types\/post"}],"author":[{"embeddable":true,"href":"http:\/\/alergia.org.pl\/index.php\/wp-json\/wp\/v2\/users\/1"}],"replies":[{"embeddable":true,"href":"http:\/\/alergia.org.pl\/index.php\/wp-json\/wp\/v2\/comments?post=300"}],"version-history":[{"count":2,"href":"http:\/\/alergia.org.pl\/index.php\/wp-json\/wp\/v2\/posts\/300\/revisions"}],"predecessor-version":[{"id":377,"href":"http:\/\/alergia.org.pl\/index.php\/wp-json\/wp\/v2\/posts\/300\/revisions\/377"}],"wp:attachment":[{"href":"http:\/\/alergia.org.pl\/index.php\/wp-json\/wp\/v2\/media?parent=300"}],"wp:term":[{"taxonomy":"category","embeddable":true,"href":"http:\/\/alergia.org.pl\/index.php\/wp-json\/wp\/v2\/categories?post=300"},{"taxonomy":"post_tag","embeddable":true,"href":"http:\/\/alergia.org.pl\/index.php\/wp-json\/wp\/v2\/tags?post=300"}],"curies":[{"name":"wp","href":"https:\/\/api.w.org\/{rel}","templated":true}]}}