{"id":298,"date":"2017-08-10T22:44:25","date_gmt":"2017-08-10T20:44:25","guid":{"rendered":"http:\/\/alergia.org.pl\/?p=298"},"modified":"2017-08-10T23:12:39","modified_gmt":"2017-08-10T21:12:39","slug":"22016","status":"publish","type":"post","link":"http:\/\/alergia.org.pl\/index.php\/2017\/08\/10\/22016\/","title":{"rendered":"2\/2016"},"content":{"rendered":"\n<table id=\"tablepress-7\" class=\"tablepress tablepress-id-7\">\n<thead>\n<tr class=\"row-1 odd\">\n\t<th class=\"column-1\">Tytu\u0142<\/th><th class=\"column-2\">Autor<\/th>\n<\/tr>\n<\/thead>\n<tbody class=\"row-hover\">\n<tr class=\"row-2 even\">\n\t<td class=\"column-1\"><a href=\"http:\/\/alergia.org.pl\/index.php\/2017\/08\/10\/rola-flory-bakteryjnej-jelit-w-rozwoju-alergii-na-pokarmy\/\">Rola flory bakteryjnej jelit w rozwoju alergii na pokarmy<\/a><\/td><td class=\"column-2\">Bartuzi Z.<\/td>\n<\/tr>\n<tr class=\"row-3 odd\">\n\t<td class=\"column-1\"><a href=\"http:\/\/alergia.org.pl\/index.php\/2017\/08\/10\/nie-tylko-alergeny-ziarno-pszenicy\/\">Nie tylko alergeny - ziarno pszenicy<\/a><\/td><td class=\"column-2\">Buczylko K.<\/td>\n<\/tr>\n<tr class=\"row-4 even\">\n\t<td class=\"column-1\"><a href=\"http:\/\/alergia.org.pl\/index.php\/2017\/08\/10\/korzysci-immunoterapii-alergenowej\/\">Korzy\u015bci immunoterapii alergenowej<\/a><\/td><td class=\"column-2\">Kowal K.<\/td>\n<\/tr>\n<tr class=\"row-5 odd\">\n\t<td class=\"column-1\"><a href=\"http:\/\/alergia.org.pl\/index.php\/2017\/08\/10\/nadwrazliwosc-na-pola-elektromagnetyczne-czy-rzeczywiscie-istnieje\/\">Nadwra\u017cliwo\u015b\u0107 na pola elektromagnetyczne \u2013 czy rzeczywi\u015bcie istnieje?<\/a><\/td><td class=\"column-2\">Palczynski C.<\/td>\n<\/tr>\n<tr class=\"row-6 even\">\n\t<td class=\"column-1\"><a href=\"http:\/\/alergia.org.pl\/index.php\/2017\/08\/10\/miejsce-i-rola-stalych-polaczen-lekow-inhalacyjnych-w-jednym-inhalatorze-w-leczeniu-astmy\/\">Miejsce i rola sta\u0142ych po\u0142\u0105cze\u0144 lek\u00f3w inhalacyjnych w jednym inhalatorze w leczeniu astmy<\/a><\/td><td class=\"column-2\">Pirozynski M.<\/td>\n<\/tr>\n<tr class=\"row-7 odd\">\n\t<td class=\"column-1\"><a href=\"http:\/\/alergia.org.pl\/index.php\/2017\/08\/10\/celiakia-problem-interdyscyplinarny\/\">Celiakia \u2013 problem interdyscyplinarny<\/a><\/td><td class=\"column-2\">Rolinski J.<\/td>\n<\/tr>\n<tr class=\"row-8 even\">\n\t<td class=\"column-1\"><a href=\"http:\/\/alergia.org.pl\/index.php\/2017\/08\/10\/szpalta-konsultanta-krajowego-w-dziedzinie-alergologii-2\/\">Szpalta Konsultanta Krajowego w Dziedzinie Alergologii<\/a><\/td><td class=\"column-2\">Jahnz-Rozyk K.<\/td>\n<\/tr>\n<tr class=\"row-9 odd\">\n\t<td class=\"column-1\"><a href=\"http:\/\/alergia.org.pl\/index.php\/2017\/08\/10\/dlaczego-korzystne-jest-dodawanie-wit-d-do-lekow-glikokortykosteroidowych-w-chor-drog-oddechowych\/\">Dlaczego korzystne jest dodawanie wit. D do lek\u00f3w glikokortykosteroidowych w chor. dr\u00f3g oddechowych<\/a><\/td><td class=\"column-2\">Samolinski B.<\/td>\n<\/tr>\n<tr class=\"row-10 even\">\n\t<td class=\"column-1\"><a href=\"http:\/\/alergia.org.pl\/index.php\/2017\/08\/10\/medycyna-spersonalizowana-w-azs-w-poszukiwaniu-biomarkerow\/\">Medycyna spersonalizowana w AZS: w poszukiwaniu biomarker\u00f3w<\/a><\/td><td class=\"column-2\">Szczepankiewicz A.<\/td>\n<\/tr>\n<tr class=\"row-11 odd\">\n\t<td class=\"column-1\"><a href=\"http:\/\/alergia.org.pl\/index.php\/2017\/08\/10\/szczepienie-przeciwko-mmr-i-grypie-u-dzieci-uczulonych-na-jajko\/\">Szczepienie przeciwko MMR i grypie u dzieci uczulonych na jajko<\/a><\/td><td class=\"column-2\">Zawadzka-Krajewska A.<\/td>\n<\/tr>\n<\/tbody>\n<\/table>\n<!-- #tablepress-7 from cache -->\n","protected":false},"excerpt":{"rendered":"","protected":false},"author":1,"featured_media":0,"comment_status":"closed","ping_status":"closed","sticky":false,"template":"","format":"standard","meta":[],"categories":[21],"tags":[],"_links":{"self":[{"href":"http:\/\/alergia.org.pl\/index.php\/wp-json\/wp\/v2\/posts\/298"}],"collection":[{"href":"http:\/\/alergia.org.pl\/index.php\/wp-json\/wp\/v2\/posts"}],"about":[{"href":"http:\/\/alergia.org.pl\/index.php\/wp-json\/wp\/v2\/types\/post"}],"author":[{"embeddable":true,"href":"http:\/\/alergia.org.pl\/index.php\/wp-json\/wp\/v2\/users\/1"}],"replies":[{"embeddable":true,"href":"http:\/\/alergia.org.pl\/index.php\/wp-json\/wp\/v2\/comments?post=298"}],"version-history":[{"count":2,"href":"http:\/\/alergia.org.pl\/index.php\/wp-json\/wp\/v2\/posts\/298\/revisions"}],"predecessor-version":[{"id":354,"href":"http:\/\/alergia.org.pl\/index.php\/wp-json\/wp\/v2\/posts\/298\/revisions\/354"}],"wp:attachment":[{"href":"http:\/\/alergia.org.pl\/index.php\/wp-json\/wp\/v2\/media?parent=298"}],"wp:term":[{"taxonomy":"category","embeddable":true,"href":"http:\/\/alergia.org.pl\/index.php\/wp-json\/wp\/v2\/categories?post=298"},{"taxonomy":"post_tag","embeddable":true,"href":"http:\/\/alergia.org.pl\/index.php\/wp-json\/wp\/v2\/tags?post=298"}],"curies":[{"name":"wp","href":"https:\/\/api.w.org\/{rel}","templated":true}]}}