{"id":291,"date":"2017-08-10T22:41:55","date_gmt":"2017-08-10T20:41:55","guid":{"rendered":"http:\/\/alergia.org.pl\/?p=291"},"modified":"2017-08-10T22:59:25","modified_gmt":"2017-08-10T20:59:25","slug":"32016","status":"publish","type":"post","link":"http:\/\/alergia.org.pl\/index.php\/2017\/08\/10\/32016\/","title":{"rendered":"3\/2016"},"content":{"rendered":"\n<table id=\"tablepress-6\" class=\"tablepress tablepress-id-6\">\n<thead>\n<tr class=\"row-1 odd\">\n\t<th class=\"column-1\">Tytu\u0142<\/th><th class=\"column-2\">Autor<\/th>\n<\/tr>\n<\/thead>\n<tbody class=\"row-hover\">\n<tr class=\"row-2 even\">\n\t<td class=\"column-1\"><a href=\"http:\/\/alergia.org.pl\/index.php\/2017\/08\/10\/drewno-jako-zrodlo-alergenow-i-haptenow-oraz-przyczyna-chorob-zawodowych\/\">Drewno jako \u017ar\u00f3d\u0142o alergen\u00f3w i hapten\u00f3w oraz przyczyna chor\u00f3b zawodowych<\/a><\/td><td class=\"column-2\">Brewczynski P.<\/td>\n<\/tr>\n<tr class=\"row-3 odd\">\n\t<td class=\"column-1\"><a href=\"http:\/\/alergia.org.pl\/index.php\/2017\/08\/10\/nanoczastki-jako-nowe-nosniki-lekow-w-chorobach-pluc\/\">Nanocz\u0105stki jako nowe no\u015bniki lek\u00f3w w chorobach p\u0142uc<\/a><\/td><td class=\"column-2\">Dobek R.<\/td>\n<\/tr>\n<tr class=\"row-4 even\">\n\t<td class=\"column-1\"><a href=\"http:\/\/alergia.org.pl\/index.php\/2017\/08\/10\/czarnuszka-siewna-nigella-sativa-czyli-panna-w-zieleni-dzialanie-przeciwzapalne\/\">Czarnuszka siewna (Nigella sativa) czyli panna w zieleni: dzia\u0142anie przeciwzapalne<\/a><\/td><td class=\"column-2\">Palczynski C.<\/td>\n<\/tr>\n<tr class=\"row-5 odd\">\n\t<td class=\"column-1\"><a href=\"http:\/\/alergia.org.pl\/index.php\/2017\/08\/10\/latwosc-stosowania-inhalatora-a-skutecznosc-terapii-inhalacyjnej-na-przykladzie-generatora-aerozolu\/\">\u0141atwo\u015b\u0107 stosowania inhalatora a skuteczno\u015b\u0107 terapii inhalacyjnej na przyk\u0142adzie generatora aerozolu<\/a><\/td><td class=\"column-2\">Pirozynski M.<\/td>\n<\/tr>\n<tr class=\"row-6 even\">\n\t<td class=\"column-1\"><a href=\"http:\/\/alergia.org.pl\/index.php\/2017\/08\/10\/alergeny-ryb-nie-tylko-parwalbumina\/\">Alergeny ryb nie tylko parwalbumina<\/a><\/td><td class=\"column-2\">Buczylko K.<\/td>\n<\/tr>\n<tr class=\"row-7 odd\">\n\t<td class=\"column-1\"><a href=\"http:\/\/alergia.org.pl\/index.php\/2017\/08\/10\/sezon-pylenia-roslin-w-polsce-w-2016-roku\/\">Sezon pylenia ro\u015blin w Polsce w 2016 roku<\/a><\/td><td class=\"column-2\">Rapiejko P.<\/td>\n<\/tr>\n<tr class=\"row-8 even\">\n\t<td class=\"column-1\"><a href=\"http:\/\/alergia.org.pl\/index.php\/2017\/08\/10\/szpalta-konsultanta-krajowego-w-dziedzinie-alergologii\/\">Szpalta Konsultanta Krajowego w Dziedzinie Alergologii<\/a><\/td><td class=\"column-2\">Jahnz-Rozyk K.<\/td>\n<\/tr>\n<tr class=\"row-9 odd\">\n\t<td class=\"column-1\"><a href=\"http:\/\/alergia.org.pl\/index.php\/2017\/08\/10\/alergia-na-roztocze-kurzu-domowego\/\">Alergia na roztocze kurzu domowego<\/a><\/td><td class=\"column-2\">Samolinski B.<\/td>\n<\/tr>\n<tr class=\"row-10 even\">\n\t<td class=\"column-1\"><a href=\"http:\/\/alergia.org.pl\/index.php\/2017\/08\/10\/alergiczny-niezyt-nosa-genetyczny-stan-wiedzy\/\">Alergiczny nie\u017cyt nosa \u2013 genetyczny stan wiedzy<\/a><\/td><td class=\"column-2\">Szczepankiewicz A.<\/td>\n<\/tr>\n<tr class=\"row-11 odd\">\n\t<td class=\"column-1\"><a href=\"http:\/\/alergia.org.pl\/index.php\/2017\/08\/10\/badz-ostrozny-w-interpretacji-badan-w-alergii-na-bialka-mleka-krowiego\/\">B\u0105d\u017a ostro\u017cny w interpretacji bada\u0144 w alergii na bia\u0142ka mleka krowiego<\/a><\/td><td class=\"column-2\">Zawadzka-Krajewska A.<\/td>\n<\/tr>\n<\/tbody>\n<\/table>\n<!-- #tablepress-6 from cache -->\n","protected":false},"excerpt":{"rendered":"","protected":false},"author":1,"featured_media":0,"comment_status":"closed","ping_status":"closed","sticky":false,"template":"","format":"standard","meta":[],"categories":[22],"tags":[],"_links":{"self":[{"href":"http:\/\/alergia.org.pl\/index.php\/wp-json\/wp\/v2\/posts\/291"}],"collection":[{"href":"http:\/\/alergia.org.pl\/index.php\/wp-json\/wp\/v2\/posts"}],"about":[{"href":"http:\/\/alergia.org.pl\/index.php\/wp-json\/wp\/v2\/types\/post"}],"author":[{"embeddable":true,"href":"http:\/\/alergia.org.pl\/index.php\/wp-json\/wp\/v2\/users\/1"}],"replies":[{"embeddable":true,"href":"http:\/\/alergia.org.pl\/index.php\/wp-json\/wp\/v2\/comments?post=291"}],"version-history":[{"count":4,"href":"http:\/\/alergia.org.pl\/index.php\/wp-json\/wp\/v2\/posts\/291\/revisions"}],"predecessor-version":[{"id":329,"href":"http:\/\/alergia.org.pl\/index.php\/wp-json\/wp\/v2\/posts\/291\/revisions\/329"}],"wp:attachment":[{"href":"http:\/\/alergia.org.pl\/index.php\/wp-json\/wp\/v2\/media?parent=291"}],"wp:term":[{"taxonomy":"category","embeddable":true,"href":"http:\/\/alergia.org.pl\/index.php\/wp-json\/wp\/v2\/categories?post=291"},{"taxonomy":"post_tag","embeddable":true,"href":"http:\/\/alergia.org.pl\/index.php\/wp-json\/wp\/v2\/tags?post=291"}],"curies":[{"name":"wp","href":"https:\/\/api.w.org\/{rel}","templated":true}]}}