{"id":2861,"date":"2020-10-30T11:07:01","date_gmt":"2020-10-30T10:07:01","guid":{"rendered":"http:\/\/alergia.org.pl\/?p=2861"},"modified":"2020-10-30T11:07:33","modified_gmt":"2020-10-30T10:07:33","slug":"2-2020","status":"publish","type":"post","link":"http:\/\/alergia.org.pl\/index.php\/2020\/10\/30\/2-2020\/","title":{"rendered":"2\/2020"},"content":{"rendered":"\n\n<table id=\"tablepress-50\" class=\"tablepress tablepress-id-50\">\n<thead>\n<tr class=\"row-1 odd\">\n\t<th class=\"column-1\"><a href=\"http:\/\/alergia.org.pl\/index.php\/2020\/10\/30\/2-2020-spis-tresci\/\">2\/2020 spis tre\u015bci<\/a><\/th><th class=\"column-2\">&nbsp;<\/th>\n<\/tr>\n<\/thead>\n<tbody class=\"row-hover\">\n<tr class=\"row-2 even\">\n\t<td class=\"column-1\"><a href=\"http:\/\/alergia.org.pl\/index.php\/2020\/10\/30\/choroba-refluksowa-przelyku-problem-diagnostyczny-i-leczniczy\/\">Choroba refluksowa prze\u0142yku \u2013 problem diagnostyczny i leczniczy<\/a><\/td><td class=\"column-2\">Prof. dr hab. n. med. Zbigniew Bartuzi<\/td>\n<\/tr>\n<tr class=\"row-3 odd\">\n\t<td class=\"column-1\"><a href=\"http:\/\/alergia.org.pl\/index.php\/2020\/12\/01\/sprawozdanie-z-pracy-committee-for-human-medicinal-products-chmp-od-lutego-do-lipca-2020\/\">Wyb\u00f3r inhalatora w dobie pandemii Sars-CoV-2<\/a><\/td><td class=\"column-2\">Prof. dr hab. n. med. Micha\u0142 Piro\u017cy\u0144ski<\/td>\n<\/tr>\n<tr class=\"row-4 even\">\n\t<td class=\"column-1\"><a href=\"http:\/\/alergia.org.pl\/index.php\/2020\/12\/01\/wybor-inhalatora-w-dobie-pandemii-sars-cov-2\/\">Wyb\u00f3r inhalatora w dobie pandemii Sars-CoV-2<\/a><\/td><td class=\"column-2\">Prof. dr hab. n. med. Micha\u0142 Piro\u017cy\u0144ski<\/td>\n<\/tr>\n<tr class=\"row-5 odd\">\n\t<td class=\"column-1\"><a href=\"http:\/\/alergia.org.pl\/index.php\/2020\/12\/01\/eozynofilowe-zapalenie-przelyku-2\/\">Eozynofilowe zapalenie prze\u0142yku<\/a><\/td><td class=\"column-2\">Dr n. med. Anna Zawadzka-Krajewska<\/td>\n<\/tr>\n<tr class=\"row-6 even\">\n\t<td class=\"column-1\"><a href=\"http:\/\/alergia.org.pl\/index.php\/2020\/12\/01\/postepy-w-badaniach-genetycznych-gwas-w-astmie-i-chorobach-alergicznych\/\">Post\u0119py w badaniach genetycznych GWAS w astmie i chorobach alergicznych<\/a><\/td><td class=\"column-2\">Dr n. med. Beata Naro\u017cna<\/td>\n<\/tr>\n<tr class=\"row-7 odd\">\n\t<td class=\"column-1\"><a href=\"http:\/\/alergia.org.pl\/index.php\/2020\/12\/01\/diagnostyka-alergii-u-pacjentow-z-niedoborami-odpornosci-opis-przypadku-pacjenta-z-pierwotnym-zaburzeniem-produkcji-przeciwcial-pospolitym-zmiennym-niedoborem-odpornosci\/\">Diagnostyka alergii u pacjent\u00f3w z niedoborami odporno\u015bci \u2013 opis przypadku pacjenta z pierwotnym zaburzeniem produkcji przeciwcia\u0142 \u2013 pospolitym zmiennym niedoborem odporno\u015bci<\/a><\/td><td class=\"column-2\">Dr n. med. Katarzyna Napi\u00f3rkowska-Baran<\/td>\n<\/tr>\n<tr class=\"row-8 even\">\n\t<td class=\"column-1\"><a href=\"http:\/\/alergia.org.pl\/index.php\/2020\/12\/01\/geraniol-naturalne-rozwiazanie-w-walce-z-roztoczami\/\">Geraniol \u2013 naturalne rozwi\u0105zanie w walce z roztoczami<\/a><\/td><td class=\"column-2\">Prof. dr hab. n. med. Krystyna Skalicka- Wo\u017aniak<\/td>\n<\/tr>\n<tr class=\"row-9 odd\">\n\t<td class=\"column-1\"><a href=\"http:\/\/alergia.org.pl\/index.php\/2020\/12\/01\/celiakia-a-alergia-na-pszenice-jeden-czynnik-sprawczy-rozna-manifestacja-kliniczna\/\">Celiakia a alergia na pszenic\u0119 \u2013 jeden czynnik sprawczy, r\u00f3\u017cna manifestacja kliniczna<\/a><\/td><td class=\"column-2\">Dr n. med. Emilia Majsiak<\/td>\n<\/tr>\n<tr class=\"row-10 even\">\n\t<td class=\"column-1\"><a href=\"http:\/\/alergia.org.pl\/index.php\/2020\/12\/01\/medycyna-wzajemna-sympatia-i-fascynacja\/\">Medycyna \u2013 wzajemna sympatia i fascynacja<\/a><\/td><td class=\"column-2\">Prof. dr hab. n. med. Bernard Panaszek<\/td>\n<\/tr>\n<\/tbody>\n<\/table>\n<!-- #tablepress-50 from cache -->\n","protected":false},"excerpt":{"rendered":"","protected":false},"author":14,"featured_media":0,"comment_status":"closed","ping_status":"closed","sticky":false,"template":"","format":"standard","meta":[],"categories":[1],"tags":[],"_links":{"self":[{"href":"http:\/\/alergia.org.pl\/index.php\/wp-json\/wp\/v2\/posts\/2861"}],"collection":[{"href":"http:\/\/alergia.org.pl\/index.php\/wp-json\/wp\/v2\/posts"}],"about":[{"href":"http:\/\/alergia.org.pl\/index.php\/wp-json\/wp\/v2\/types\/post"}],"author":[{"embeddable":true,"href":"http:\/\/alergia.org.pl\/index.php\/wp-json\/wp\/v2\/users\/14"}],"replies":[{"embeddable":true,"href":"http:\/\/alergia.org.pl\/index.php\/wp-json\/wp\/v2\/comments?post=2861"}],"version-history":[{"count":3,"href":"http:\/\/alergia.org.pl\/index.php\/wp-json\/wp\/v2\/posts\/2861\/revisions"}],"predecessor-version":[{"id":2864,"href":"http:\/\/alergia.org.pl\/index.php\/wp-json\/wp\/v2\/posts\/2861\/revisions\/2864"}],"wp:attachment":[{"href":"http:\/\/alergia.org.pl\/index.php\/wp-json\/wp\/v2\/media?parent=2861"}],"wp:term":[{"taxonomy":"category","embeddable":true,"href":"http:\/\/alergia.org.pl\/index.php\/wp-json\/wp\/v2\/categories?post=2861"},{"taxonomy":"post_tag","embeddable":true,"href":"http:\/\/alergia.org.pl\/index.php\/wp-json\/wp\/v2\/tags?post=2861"}],"curies":[{"name":"wp","href":"https:\/\/api.w.org\/{rel}","templated":true}]}}