{"id":2556,"date":"2020-01-03T12:45:27","date_gmt":"2020-01-03T11:45:27","guid":{"rendered":"http:\/\/alergia.org.pl\/?p=2556"},"modified":"2020-01-03T12:54:08","modified_gmt":"2020-01-03T11:54:08","slug":"historia-konferencji-naukowo-szkoleniowych-alergologow-pulmonologow-i-immunologow-klinicznych-w-kazimierzu-dolnym","status":"publish","type":"post","link":"http:\/\/alergia.org.pl\/index.php\/2020\/01\/03\/historia-konferencji-naukowo-szkoleniowych-alergologow-pulmonologow-i-immunologow-klinicznych-w-kazimierzu-dolnym\/","title":{"rendered":"Historia Konferencji Naukowo- Szkoleniowych Alergolog\u00f3w, Pulmonolog\u00f3w i Immunolog\u00f3w Klinicznych w Kazimierzu Dolnym"},"content":{"rendered":"<a href=\"http:\/\/alergia.org.pl\/wp-content\/uploads\/2020\/01\/3-2019-CALOSC-1.pdf\" class=\"pdfemb-viewer\" style=\"\" data-width=\"max\" data-height=\"max\"  data-toolbar=\"both\" data-toolbar-fixed=\"on\">3-2019 CALOSC-1<br\/><\/a>\n","protected":false},"excerpt":{"rendered":"","protected":false},"author":14,"featured_media":0,"comment_status":"closed","ping_status":"closed","sticky":false,"template":"","format":"standard","meta":[],"categories":[73],"tags":[],"_links":{"self":[{"href":"http:\/\/alergia.org.pl\/index.php\/wp-json\/wp\/v2\/posts\/2556"}],"collection":[{"href":"http:\/\/alergia.org.pl\/index.php\/wp-json\/wp\/v2\/posts"}],"about":[{"href":"http:\/\/alergia.org.pl\/index.php\/wp-json\/wp\/v2\/types\/post"}],"author":[{"embeddable":true,"href":"http:\/\/alergia.org.pl\/index.php\/wp-json\/wp\/v2\/users\/14"}],"replies":[{"embeddable":true,"href":"http:\/\/alergia.org.pl\/index.php\/wp-json\/wp\/v2\/comments?post=2556"}],"version-history":[{"count":4,"href":"http:\/\/alergia.org.pl\/index.php\/wp-json\/wp\/v2\/posts\/2556\/revisions"}],"predecessor-version":[{"id":2563,"href":"http:\/\/alergia.org.pl\/index.php\/wp-json\/wp\/v2\/posts\/2556\/revisions\/2563"}],"wp:attachment":[{"href":"http:\/\/alergia.org.pl\/index.php\/wp-json\/wp\/v2\/media?parent=2556"}],"wp:term":[{"taxonomy":"category","embeddable":true,"href":"http:\/\/alergia.org.pl\/index.php\/wp-json\/wp\/v2\/categories?post=2556"},{"taxonomy":"post_tag","embeddable":true,"href":"http:\/\/alergia.org.pl\/index.php\/wp-json\/wp\/v2\/tags?post=2556"}],"curies":[{"name":"wp","href":"https:\/\/api.w.org\/{rel}","templated":true}]}}