{"id":2535,"date":"2019-09-23T11:09:47","date_gmt":"2019-09-23T09:09:47","guid":{"rendered":"http:\/\/alergia.org.pl\/?p=2535"},"modified":"2019-09-23T11:09:47","modified_gmt":"2019-09-23T09:09:47","slug":"alergia-na-roztocza-magazynowe-w-swietle-badan-retrospektywnych-porownujacych-populacje-ogolna-z-eksponowana-zawodowo-cz-1","status":"publish","type":"post","link":"http:\/\/alergia.org.pl\/index.php\/2019\/09\/23\/alergia-na-roztocza-magazynowe-w-swietle-badan-retrospektywnych-porownujacych-populacje-ogolna-z-eksponowana-zawodowo-cz-1\/","title":{"rendered":"Alergia na roztocza magazynowe w \u015bwietle bada\u0144 retrospektywnych por\u00f3wnuj\u0105cych populacje \u201eog\u00f3ln\u0105\u201d z eksponowan\u0105 zawodowo cz.1"},"content":{"rendered":"<a href=\"http:\/\/alergia.org.pl\/wp-content\/uploads\/2019\/09\/7_2_2019.pdf\" class=\"pdfemb-viewer\" style=\"\" data-width=\"max\" data-height=\"max\"  data-toolbar=\"both\" data-toolbar-fixed=\"on\">7_2_2019<br\/><\/a>\n","protected":false},"excerpt":{"rendered":"","protected":false},"author":14,"featured_media":0,"comment_status":"closed","ping_status":"closed","sticky":false,"template":"","format":"standard","meta":[],"categories":[1],"tags":[],"_links":{"self":[{"href":"http:\/\/alergia.org.pl\/index.php\/wp-json\/wp\/v2\/posts\/2535"}],"collection":[{"href":"http:\/\/alergia.org.pl\/index.php\/wp-json\/wp\/v2\/posts"}],"about":[{"href":"http:\/\/alergia.org.pl\/index.php\/wp-json\/wp\/v2\/types\/post"}],"author":[{"embeddable":true,"href":"http:\/\/alergia.org.pl\/index.php\/wp-json\/wp\/v2\/users\/14"}],"replies":[{"embeddable":true,"href":"http:\/\/alergia.org.pl\/index.php\/wp-json\/wp\/v2\/comments?post=2535"}],"version-history":[{"count":1,"href":"http:\/\/alergia.org.pl\/index.php\/wp-json\/wp\/v2\/posts\/2535\/revisions"}],"predecessor-version":[{"id":2536,"href":"http:\/\/alergia.org.pl\/index.php\/wp-json\/wp\/v2\/posts\/2535\/revisions\/2536"}],"wp:attachment":[{"href":"http:\/\/alergia.org.pl\/index.php\/wp-json\/wp\/v2\/media?parent=2535"}],"wp:term":[{"taxonomy":"category","embeddable":true,"href":"http:\/\/alergia.org.pl\/index.php\/wp-json\/wp\/v2\/categories?post=2535"},{"taxonomy":"post_tag","embeddable":true,"href":"http:\/\/alergia.org.pl\/index.php\/wp-json\/wp\/v2\/tags?post=2535"}],"curies":[{"name":"wp","href":"https:\/\/api.w.org\/{rel}","templated":true}]}}