{"id":2501,"date":"2019-09-13T15:23:36","date_gmt":"2019-09-13T13:23:36","guid":{"rendered":"http:\/\/alergia.org.pl\/?p=2501"},"modified":"2019-09-13T15:23:36","modified_gmt":"2019-09-13T13:23:36","slug":"dusznosc-niejedno-ma-imie-przypadek-dziecka-z-wlokniakowatoscia-krtani","status":"publish","type":"post","link":"http:\/\/alergia.org.pl\/index.php\/2019\/09\/13\/dusznosc-niejedno-ma-imie-przypadek-dziecka-z-wlokniakowatoscia-krtani\/","title":{"rendered":"Duszno\u015b\u0107 niejedno ma imi\u0119 \u2013 przypadek dziecka z w\u0142\u00f3kniakowato\u015bci\u0105 krtani"},"content":{"rendered":"<a href=\"http:\/\/alergia.org.pl\/wp-content\/uploads\/2019\/09\/8_1_2019.pdf\" class=\"pdfemb-viewer\" style=\"\" data-width=\"max\" data-height=\"max\"  data-toolbar=\"both\" data-toolbar-fixed=\"on\">8_1_2019<br\/><\/a>\n","protected":false},"excerpt":{"rendered":"","protected":false},"author":14,"featured_media":0,"comment_status":"closed","ping_status":"closed","sticky":false,"template":"","format":"standard","meta":[],"categories":[73],"tags":[],"_links":{"self":[{"href":"http:\/\/alergia.org.pl\/index.php\/wp-json\/wp\/v2\/posts\/2501"}],"collection":[{"href":"http:\/\/alergia.org.pl\/index.php\/wp-json\/wp\/v2\/posts"}],"about":[{"href":"http:\/\/alergia.org.pl\/index.php\/wp-json\/wp\/v2\/types\/post"}],"author":[{"embeddable":true,"href":"http:\/\/alergia.org.pl\/index.php\/wp-json\/wp\/v2\/users\/14"}],"replies":[{"embeddable":true,"href":"http:\/\/alergia.org.pl\/index.php\/wp-json\/wp\/v2\/comments?post=2501"}],"version-history":[{"count":1,"href":"http:\/\/alergia.org.pl\/index.php\/wp-json\/wp\/v2\/posts\/2501\/revisions"}],"predecessor-version":[{"id":2502,"href":"http:\/\/alergia.org.pl\/index.php\/wp-json\/wp\/v2\/posts\/2501\/revisions\/2502"}],"wp:attachment":[{"href":"http:\/\/alergia.org.pl\/index.php\/wp-json\/wp\/v2\/media?parent=2501"}],"wp:term":[{"taxonomy":"category","embeddable":true,"href":"http:\/\/alergia.org.pl\/index.php\/wp-json\/wp\/v2\/categories?post=2501"},{"taxonomy":"post_tag","embeddable":true,"href":"http:\/\/alergia.org.pl\/index.php\/wp-json\/wp\/v2\/tags?post=2501"}],"curies":[{"name":"wp","href":"https:\/\/api.w.org\/{rel}","templated":true}]}}