{"id":2444,"date":"2019-09-13T14:26:25","date_gmt":"2019-09-13T12:26:25","guid":{"rendered":"http:\/\/alergia.org.pl\/?p=2444"},"modified":"2019-09-13T14:55:33","modified_gmt":"2019-09-13T12:55:33","slug":"3-2019","status":"publish","type":"post","link":"http:\/\/alergia.org.pl\/index.php\/2019\/09\/13\/3-2019\/","title":{"rendered":"3\/2019"},"content":{"rendered":"\n<table id=\"tablepress-47\" class=\"tablepress tablepress-id-47\">\n<thead>\n<tr class=\"row-1 odd\">\n\t<th class=\"column-1\">Tytu\u0142<\/th><th class=\"column-2\">Autor<\/th>\n<\/tr>\n<\/thead>\n<tbody class=\"row-hover\">\n<tr class=\"row-2 even\">\n\t<td class=\"column-1\"><a href=\"http:\/\/alergia.org.pl\/index.php\/2019\/09\/13\/3-2019-spis-tresci\/\">Spis tre\u015bci<\/a><\/td><td class=\"column-2\"><\/td>\n<\/tr>\n<tr class=\"row-3 odd\">\n\t<td class=\"column-1\"><a href=\"http:\/\/alergia.org.pl\/index.php\/2020\/01\/03\/historia-konferencji-naukowo-szkoleniowych-alergologow-pulmonologow-i-immunologow-klinicznych-w-kazimierzu-dolnym\/\">Historia Konferencji Naukowo- Szkoleniowych Alergolog\u00f3w, Pulmonolog\u00f3w i Immunolog\u00f3w Klinicznych w Kazimierzu Dolnym<\/a><\/td><td class=\"column-2\">Prof. dr hab. n. med. Andrzej Emeryk<\/td>\n<\/tr>\n<tr class=\"row-4 even\">\n\t<td class=\"column-1\"><a href=\"http:\/\/alergia.org.pl\/index.php\/2020\/01\/03\/ziarna-pylku-zboz-fakty-i-mity\/\">Ziarna py\u0142ku zb\u00f3\u017c: fakty i mity<\/a><\/td><td class=\"column-2\">Dr n. med. Piotr Rapiejko<\/td>\n<\/tr>\n<tr class=\"row-5 odd\">\n\t<td class=\"column-1\"><a href=\"http:\/\/alergia.org.pl\/index.php\/2020\/01\/03\/jesienne-spotkania-z-alergia\/\">Jesienne spotkania z alergi\u0105<\/a><\/td><td class=\"column-2\">Prof. dr hab. n. med. Marek Kulus<\/td>\n<\/tr>\n<tr class=\"row-6 even\">\n\t<td class=\"column-1\"><a href=\"http:\/\/alergia.org.pl\/index.php\/2020\/01\/03\/alex-nowe-narzedzie-diagnostyczne-do-diagnostyki-molekularnej-alergii-ige-zaleznej\/\">ALEX\u00ae \u2013 nowe narz\u0119dzie diagnostyczne do diagnostyki molekularnej alergii IgE-zale\u017cnej<\/a><\/td><td class=\"column-2\">Dr n. med. Emilia Majsiak,<br \/>\nstudent medycyny Magdalena Choina,<br \/>\nProf. dr hab. n. med. Bo\u017cena Cukrowska<\/td>\n<\/tr>\n<tr class=\"row-7 odd\">\n\t<td class=\"column-1\"><a href=\"http:\/\/alergia.org.pl\/index.php\/2020\/01\/03\/alergeny-anisakis-simplex\/\">Alergeny Anisakis simplex<\/a><\/td><td class=\"column-2\">Lek. wet. Maciej Kochanowski<br \/>\nMgr. in\u017c. Joanna D\u0105browska<br \/>\nDr n. wet. Miros\u0142aw R\u00f3\u017cycki<br \/>\nDr hab. n. wet. Jacek Karamon<br \/>\nDr n. wet. Jacek Sroka<br \/>\nMgr in\u017c. Katarzyna Skrzypek<br \/>\nProf. nadzw. dr hab. n. wet. Tomasz Cencek<\/td>\n<\/tr>\n<tr class=\"row-8 even\">\n\t<td class=\"column-1\"><a href=\"http:\/\/alergia.org.pl\/index.php\/2020\/01\/03\/komentarz-dotyczacy-artykulu-alergeny-anisakis-simplex\/\">Komentarz dotycz\u0105cy artyku\u0142u \u201eAlergeny Anisakis simplex\u201d<\/a><\/td><td class=\"column-2\">Prof. nadzw. dr hab. n. wet. Tomasz Cencek<\/td>\n<\/tr>\n<tr class=\"row-9 odd\">\n\t<td class=\"column-1\"><a href=\"http:\/\/alergia.org.pl\/index.php\/2020\/01\/03\/zmiany-klimatyczne-a-alergia-i-astma\/\">Zmiany klimatyczne a alergia i astma<\/a><\/td><td class=\"column-2\">Prof. dr hab. med. Cezary Pa\u0142czy\u0144ski<br \/>\nDr med. Izabela Kupry\u015b- Lipi\u0144ska<br \/>\nProf. dr hab. med. Piotr Kuna<\/td>\n<\/tr>\n<tr class=\"row-10 even\">\n\t<td class=\"column-1\"><a href=\"http:\/\/alergia.org.pl\/index.php\/2020\/01\/03\/stosowanie-inhalatorow-proszkowych-jest-proste-latwe-i-przyjemne-swiat-rzeczywisty-kontra-teoria\/\">Stosowanie inhalator\u00f3w proszkowych jest proste, \u0142atwe i przyjemne. \u015awiat rzeczywisty kontra teoria<\/a><\/td><td class=\"column-2\">Prof. dr hab. n. med. Micha\u0142 Piro\u017cy\u0144ski<\/td>\n<\/tr>\n<tr class=\"row-11 odd\">\n\t<td class=\"column-1\"><a href=\"http:\/\/alergia.org.pl\/index.php\/2020\/01\/03\/dppa-co-w-trawie-piszczy\/\">DPPA \u2013 co w trawie piszczy<\/a><\/td><td class=\"column-2\">Dr hab. n o zdr Edyta Krzych \u2013 Fa\u0142ta<br \/>\nProf. dr hab. n. med. Boles\u0142aw Samoli\u0144ski<\/td>\n<\/tr>\n<tr class=\"row-12 even\">\n\t<td class=\"column-1\"><a href=\"http:\/\/alergia.org.pl\/index.php\/2020\/01\/03\/gina-2019-nowy-paradygmat-leczenia-astmy\/\">GINA 2019 \u2013 nowy paradygmat leczenia astmy<\/a><\/td><td class=\"column-2\">Dr n. med. Rafa\u0142 Dobek<\/td>\n<\/tr>\n<\/tbody>\n<\/table>\n<!-- #tablepress-47 from cache -->\n","protected":false},"excerpt":{"rendered":"","protected":false},"author":14,"featured_media":0,"comment_status":"closed","ping_status":"closed","sticky":false,"template":"","format":"standard","meta":[],"categories":[73],"tags":[],"_links":{"self":[{"href":"http:\/\/alergia.org.pl\/index.php\/wp-json\/wp\/v2\/posts\/2444"}],"collection":[{"href":"http:\/\/alergia.org.pl\/index.php\/wp-json\/wp\/v2\/posts"}],"about":[{"href":"http:\/\/alergia.org.pl\/index.php\/wp-json\/wp\/v2\/types\/post"}],"author":[{"embeddable":true,"href":"http:\/\/alergia.org.pl\/index.php\/wp-json\/wp\/v2\/users\/14"}],"replies":[{"embeddable":true,"href":"http:\/\/alergia.org.pl\/index.php\/wp-json\/wp\/v2\/comments?post=2444"}],"version-history":[{"count":4,"href":"http:\/\/alergia.org.pl\/index.php\/wp-json\/wp\/v2\/posts\/2444\/revisions"}],"predecessor-version":[{"id":2455,"href":"http:\/\/alergia.org.pl\/index.php\/wp-json\/wp\/v2\/posts\/2444\/revisions\/2455"}],"wp:attachment":[{"href":"http:\/\/alergia.org.pl\/index.php\/wp-json\/wp\/v2\/media?parent=2444"}],"wp:term":[{"taxonomy":"category","embeddable":true,"href":"http:\/\/alergia.org.pl\/index.php\/wp-json\/wp\/v2\/categories?post=2444"},{"taxonomy":"post_tag","embeddable":true,"href":"http:\/\/alergia.org.pl\/index.php\/wp-json\/wp\/v2\/tags?post=2444"}],"curies":[{"name":"wp","href":"https:\/\/api.w.org\/{rel}","templated":true}]}}