{"id":235,"date":"2017-08-10T01:29:44","date_gmt":"2017-08-09T23:29:44","guid":{"rendered":"http:\/\/alergia.org.pl\/?p=235"},"modified":"2017-08-10T01:29:44","modified_gmt":"2017-08-09T23:29:44","slug":"42016","status":"publish","type":"post","link":"http:\/\/alergia.org.pl\/index.php\/2017\/08\/10\/42016\/","title":{"rendered":"4\/2016"},"content":{"rendered":"\n<table id=\"tablepress-1\" class=\"tablepress tablepress-id-1\">\n<thead>\n<tr class=\"row-1 odd\">\n\t<th class=\"column-1\">Tytu\u0142<\/th><th class=\"column-2\">Autor<\/th>\n<\/tr>\n<\/thead>\n<tbody class=\"row-hover\">\n<tr class=\"row-2 even\">\n\t<td class=\"column-1\"><a href=\"http:\/\/alergia.org.pl\/index.php\/2017\/07\/06\/racjonalna-terapia-pochp-kiedy-i-u-kogo-stosowac-wziewne-glikokortykosteroidy\/\">Racjonalna terapia POChP: kiedy i u kogo stosowa\u0107 wziewne glikokortykosteroidy<\/a><\/td><td class=\"column-2\">Prof. dr hab. n. med. Joanna Chorostowska-Wynimko<\/td>\n<\/tr>\n<tr class=\"row-3 odd\">\n\t<td class=\"column-1\"><a href=\"http:\/\/alergia.org.pl\/index.php\/2017\/07\/06\/wieloczynnikowa-wrazliwosc-na-czynniki-chemiczne-problem-nekajacy-alergologow-definicja-epidemiologia-patogeneza\/\">Wieloczynnikowa wra\u017cliwo\u015b\u0107 na czynniki chemiczne \u2013 problem n\u0119kaj\u0105cy alergolog\u00f3w. Definicja, epidemiologia, patogeneza.<\/a><\/td><td class=\"column-2\">Prof. dr hab. n. med. Cezary Pa\u0142czy\u0144ski<\/td>\n<\/tr>\n<tr class=\"row-4 even\">\n\t<td class=\"column-1\"><a href=\"http:\/\/alergia.org.pl\/index.php\/2017\/07\/06\/diagnostyka-alergii-ige-zaleznej-w-oparciu-o-komponenty-alergenowe\/\">Diagnostyka alergii IgE-zale\u017cnej w oparciu o komponenty alergenowe<\/a><\/td><td class=\"column-2\">Dr n. farm. S\u0142awomir Bia\u0142ek<\/td>\n<\/tr>\n<tr class=\"row-5 odd\">\n\t<td class=\"column-1\"><a href=\"http:\/\/alergia.org.pl\/index.php\/2017\/07\/06\/nie-tylko-alergeny-alternaria-alternata\/\">Nie tylko alergeny: Alternaria alternata<\/a><\/td><td class=\"column-2\">Prof. dr hab. n. med. Krzysztof Buczy\u0142ko<\/td>\n<\/tr>\n<tr class=\"row-6 even\">\n\t<td class=\"column-1\"><a href=\"http:\/\/alergia.org.pl\/index.php\/2017\/07\/06\/lcifrc-metoda-wyplukiwania-azotu-z-uzyciem-testu-wielokrotnego-oddechu-w-praktyce-klinicznej\/\">LCI\/FRC \u2013 metoda wyp\u0142ukiwania azotu z u\u017cyciem testu wielokrotnego oddechu w praktyce klinicznej<\/a><\/td><td class=\"column-2\">Dr n. med. Andrzej Dymek<\/td>\n<\/tr>\n<tr class=\"row-7 odd\">\n\t<td class=\"column-1\"><a href=\"http:\/\/alergia.org.pl\/index.php\/2017\/07\/06\/immunoterapia-podjezykowa-praktyczne-wskazowki\/\">Immunoterapia podj\u0119zykowa. Praktyczne wskaz\u00f3wki<\/a><\/td><td class=\"column-2\">Dr n. med. \u0141ukasz B\u0142a\u017cowski<\/td>\n<\/tr>\n<tr class=\"row-8 even\">\n\t<td class=\"column-1\"><a href=\"http:\/\/alergia.org.pl\/index.php\/2017\/07\/06\/reakcja-anafilaktyczna-w-przebiegu-slit\/\">Reakcja anafilaktyczna w przebiegu SLIT<\/a><\/td><td class=\"column-2\">Dr n. med. Anna Zawadzka-Krajewska<\/td>\n<\/tr>\n<tr class=\"row-9 odd\">\n\t<td class=\"column-1\"><a href=\"http:\/\/alergia.org.pl\/index.php\/2017\/07\/06\/rola-genu-bdnf-w-chorobach-alergicznych-przeglad-najnowszych-badan\/\">Rola genu BDNF w chorobach alergicznych \u2013 przegl\u0105d najnowszych bada\u0144<\/a><\/td><td class=\"column-2\">Dr hab. n. med. Aleksandra Szczepankiewicz<\/td>\n<\/tr>\n<tr class=\"row-10 even\">\n\t<td class=\"column-1\"><a href=\"http:\/\/alergia.org.pl\/index.php\/2017\/07\/06\/pochp-u-pacjenta-po-calkowitej-laryngektomii\/\">POCHP u pacjenta po ca\u0142kowitej laryngektomii<\/a><\/td><td class=\"column-2\">Dr n. med. Lucyna Dymek<\/td>\n<\/tr>\n<tr class=\"row-11 odd\">\n\t<td class=\"column-1\"><a href=\"http:\/\/alergia.org.pl\/index.php\/2017\/07\/06\/zespol-nakladania-czy-wymaga-odmiennego-podejscia-w-terapii-inhalacyjnej\/\">Zesp\u00f3\u0142 nak\u0142adania \u2013 czy wymaga odmiennego podej\u015bcia w terapii inhalacyjnej.<\/a><\/td><td class=\"column-2\">Prof. dr hab. n. med. Micha\u0142 Piro\u017cy\u0144ski<\/td>\n<\/tr>\n<\/tbody>\n<\/table>\n<!-- #tablepress-1 from cache -->\n","protected":false},"excerpt":{"rendered":"","protected":false},"author":1,"featured_media":0,"comment_status":"closed","ping_status":"closed","sticky":false,"template":"","format":"standard","meta":[],"categories":[23],"tags":[],"_links":{"self":[{"href":"http:\/\/alergia.org.pl\/index.php\/wp-json\/wp\/v2\/posts\/235"}],"collection":[{"href":"http:\/\/alergia.org.pl\/index.php\/wp-json\/wp\/v2\/posts"}],"about":[{"href":"http:\/\/alergia.org.pl\/index.php\/wp-json\/wp\/v2\/types\/post"}],"author":[{"embeddable":true,"href":"http:\/\/alergia.org.pl\/index.php\/wp-json\/wp\/v2\/users\/1"}],"replies":[{"embeddable":true,"href":"http:\/\/alergia.org.pl\/index.php\/wp-json\/wp\/v2\/comments?post=235"}],"version-history":[{"count":1,"href":"http:\/\/alergia.org.pl\/index.php\/wp-json\/wp\/v2\/posts\/235\/revisions"}],"predecessor-version":[{"id":236,"href":"http:\/\/alergia.org.pl\/index.php\/wp-json\/wp\/v2\/posts\/235\/revisions\/236"}],"wp:attachment":[{"href":"http:\/\/alergia.org.pl\/index.php\/wp-json\/wp\/v2\/media?parent=235"}],"wp:term":[{"taxonomy":"category","embeddable":true,"href":"http:\/\/alergia.org.pl\/index.php\/wp-json\/wp\/v2\/categories?post=235"},{"taxonomy":"post_tag","embeddable":true,"href":"http:\/\/alergia.org.pl\/index.php\/wp-json\/wp\/v2\/tags?post=235"}],"curies":[{"name":"wp","href":"https:\/\/api.w.org\/{rel}","templated":true}]}}