{"id":2309,"date":"2019-03-28T15:17:24","date_gmt":"2019-03-28T14:17:24","guid":{"rendered":"http:\/\/alergia.org.pl\/?p=2309"},"modified":"2019-03-28T15:44:50","modified_gmt":"2019-03-28T14:44:50","slug":"1-2019","status":"publish","type":"post","link":"http:\/\/alergia.org.pl\/index.php\/2019\/03\/28\/1-2019\/","title":{"rendered":"1\/2019"},"content":{"rendered":"\n<table id=\"tablepress-45\" class=\"tablepress tablepress-id-45\">\n<thead>\n<tr class=\"row-1 odd\">\n\t<th class=\"column-1\">Tytu\u0142<\/th><th class=\"column-2\">Autor<\/th>\n<\/tr>\n<\/thead>\n<tbody class=\"row-hover\">\n<tr class=\"row-2 even\">\n\t<td class=\"column-1\"><a href=\"http:\/\/alergia.org.pl\/index.php\/2019\/09\/13\/xii-ogolnopolskie-sympozjum-immunoterapia-alergenowa-2019\/\">XII Og\u00f3lnopolskie Sympozjum Immunoterapia Alergenowa 2019<\/a><\/td><td class=\"column-2\">Prof. dr hab. n. med.<br \/>\nBarbara Rogala<\/td>\n<\/tr>\n<tr class=\"row-3 odd\">\n\t<td class=\"column-1\"><a href=\"http:\/\/alergia.org.pl\/index.php\/2019\/09\/13\/inhalatory-proszkowe-czy-sa-optymalne-dla-chorych-na-astme\/\">Inhalatory proszkowe \u2013 czy s\u0105 optymalne dla chorych na astm\u0119?<\/a><\/td><td class=\"column-2\">Prof. dr hab. n. med.<br \/>\nMicha\u0142 Piro\u017cy\u0144ski<\/td>\n<\/tr>\n<tr class=\"row-4 even\">\n\t<td class=\"column-1\"><a href=\"http:\/\/alergia.org.pl\/index.php\/2019\/09\/13\/alergia-ltp\/\">Alergia LTP<\/a><\/td><td class=\"column-2\">Prof. dr hab. n. med.<br \/>\nZbigniew Bartuzi<\/td>\n<\/tr>\n<tr class=\"row-5 odd\">\n\t<td class=\"column-1\"><a href=\"http:\/\/alergia.org.pl\/index.php\/2019\/09\/13\/negatywne-skutki-zdrowotne-ekspozycji-na-smog-synopsis\/\">Negatywne skutki zdrowotne ekspozycji na smog: synopsis<\/a><\/td><td class=\"column-2\">Prof. dr hab. n. med.<br \/>\nCezary Pa\u0142czy\u0144ski<\/td>\n<\/tr>\n<tr class=\"row-6 even\">\n\t<td class=\"column-1\"><a href=\"http:\/\/alergia.org.pl\/index.php\/2019\/09\/13\/dieta-eliminacyjna-w-atopowym-zapaleniu-skory\/\">Dieta eliminacyjna w atopowym zapaleniu sk\u00f3ry<\/a><\/td><td class=\"column-2\">Dr n. med.<br \/>\nAnna<br \/>\nZawadzka-Krajewska<\/td>\n<\/tr>\n<tr class=\"row-7 odd\">\n\t<td class=\"column-1\"><a href=\"http:\/\/alergia.org.pl\/index.php\/2019\/09\/13\/bariera-wieku-bariera-wspolpracy-na-ile-problem-faktycznie-tkwi-po-stronie-badanego-w-spirometrii\/\">Bariera wieku, bariera wsp\u00f3\u0142pracy \u2013 na ile problem faktycznie tkwi po stronie badanego w spirometrii<\/a><\/td><td class=\"column-2\">Dr hab. n o zdr.<br \/>\nEdyta Krzych \u2013 Fa\u0142ta<br \/>\nProf. dr hab. n. med.<br \/>\nBoles\u0142aw Samoli\u0144ski<\/td>\n<\/tr>\n<tr class=\"row-8 even\">\n\t<td class=\"column-1\"><a href=\"http:\/\/alergia.org.pl\/index.php\/2019\/09\/13\/sezon-pylenia-roslin-w-polsce-w-2018-roku\/\">Sezon pylenia ro\u015blin w Polsce w 2018 roku<\/a><\/td><td class=\"column-2\">Dr n. med.<br \/>\nPiotr Rapiejko<br \/>\nDr n. med.<br \/>\nAgnieszka Lipiec<\/td>\n<\/tr>\n<tr class=\"row-9 odd\">\n\t<td class=\"column-1\"><a href=\"http:\/\/alergia.org.pl\/index.php\/2019\/09\/13\/dusznosc-niejedno-ma-imie-przypadek-dziecka-z-wlokniakowatoscia-krtani\/\">Duszno\u015b\u0107 niejedno ma imi\u0119 \u2013 przypadek dziecka z w\u0142\u00f3kniakowato\u015bci\u0105 krtani<\/a><\/td><td class=\"column-2\">lek.<br \/>\nPaulina G\u00f3ra<br \/>\ndr hab. n. med.<br \/>\nBarbara Soza\u0144ska<\/td>\n<\/tr>\n<tr class=\"row-10 even\">\n\t<td class=\"column-1\"><a href=\"http:\/\/alergia.org.pl\/index.php\/2019\/09\/13\/korzysci-jakie-przynosi-diagnostyka-molekularna-w-rozpoznawaniu-i-leczeniu-alergii\/\">Korzy\u015bci jakie przynosi diagnostyka molekularna w rozpoznawaniu i leczeniu alergii<\/a><\/td><td class=\"column-2\">Prof. dr hab. n. med.<br \/>\nBoles\u0142aw Samoli\u0144ski<br \/>\nstudent wydzia\u0142<br \/>\nlekarski UM Lublin<br \/>\nMagdalena Choina<br \/>\nDr n. med.<br \/>\nEmilia Majsiak<\/td>\n<\/tr>\n<tr class=\"row-11 odd\">\n\t<td class=\"column-1\"><a href=\"http:\/\/alergia.org.pl\/index.php\/2019\/09\/13\/swoista-immunoterapia-alergenowa-w-astmie-studium-przypadku\/\">Swoista immunoterapia alergenowa w astmie - studium przypadku<\/a><\/td><td class=\"column-2\">Dr n. med.<br \/>\nRafa\u0142 Dobek<\/td>\n<\/tr>\n<\/tbody>\n<\/table>\n<!-- #tablepress-45 from cache -->\n","protected":false},"excerpt":{"rendered":"","protected":false},"author":14,"featured_media":0,"comment_status":"closed","ping_status":"closed","sticky":false,"template":"","format":"standard","meta":[],"categories":[71],"tags":[],"_links":{"self":[{"href":"http:\/\/alergia.org.pl\/index.php\/wp-json\/wp\/v2\/posts\/2309"}],"collection":[{"href":"http:\/\/alergia.org.pl\/index.php\/wp-json\/wp\/v2\/posts"}],"about":[{"href":"http:\/\/alergia.org.pl\/index.php\/wp-json\/wp\/v2\/types\/post"}],"author":[{"embeddable":true,"href":"http:\/\/alergia.org.pl\/index.php\/wp-json\/wp\/v2\/users\/14"}],"replies":[{"embeddable":true,"href":"http:\/\/alergia.org.pl\/index.php\/wp-json\/wp\/v2\/comments?post=2309"}],"version-history":[{"count":4,"href":"http:\/\/alergia.org.pl\/index.php\/wp-json\/wp\/v2\/posts\/2309\/revisions"}],"predecessor-version":[{"id":2336,"href":"http:\/\/alergia.org.pl\/index.php\/wp-json\/wp\/v2\/posts\/2309\/revisions\/2336"}],"wp:attachment":[{"href":"http:\/\/alergia.org.pl\/index.php\/wp-json\/wp\/v2\/media?parent=2309"}],"wp:term":[{"taxonomy":"category","embeddable":true,"href":"http:\/\/alergia.org.pl\/index.php\/wp-json\/wp\/v2\/categories?post=2309"},{"taxonomy":"post_tag","embeddable":true,"href":"http:\/\/alergia.org.pl\/index.php\/wp-json\/wp\/v2\/tags?post=2309"}],"curies":[{"name":"wp","href":"https:\/\/api.w.org\/{rel}","templated":true}]}}