{"id":2208,"date":"2019-02-07T14:42:53","date_gmt":"2019-02-07T13:42:53","guid":{"rendered":"http:\/\/alergia.org.pl\/?p=2208"},"modified":"2019-02-07T14:42:53","modified_gmt":"2019-02-07T13:42:53","slug":"heterogenne-wlasciwosci-i-zroznicowane-funkcje-ige-w-pokrzywce-przewleklej-spontanicznej-i-innych-schorzeniach-z-autoagresji","status":"publish","type":"post","link":"http:\/\/alergia.org.pl\/index.php\/2019\/02\/07\/heterogenne-wlasciwosci-i-zroznicowane-funkcje-ige-w-pokrzywce-przewleklej-spontanicznej-i-innych-schorzeniach-z-autoagresji\/","title":{"rendered":"Heterogenne w\u0142a\u015bciwo\u015bci i zr\u00f3\u017cnicowane funkcje IgE w pokrzywce przewlek\u0142ej spontanicznej i innych schorzeniach z autoagresji"},"content":{"rendered":"<a href=\"http:\/\/alergia.org.pl\/wp-content\/uploads\/2019\/02\/3_2018_Panaszek_Heterogenne_w\u0142a\u015bciowo\u015bci_i_zr\u00f3\u017cnicowane_funkcje_IgE.pdf\" class=\"pdfemb-viewer\" style=\"\" data-width=\"max\" data-height=\"max\"  data-toolbar=\"both\" data-toolbar-fixed=\"on\">3_2018_Panaszek_Heterogenne_w\u0142a\u015bciowo\u015bci_i_zr\u00f3\u017cnicowane_funkcje_IgE<br\/><\/a>\n","protected":false},"excerpt":{"rendered":"","protected":false},"author":13,"featured_media":0,"comment_status":"closed","ping_status":"closed","sticky":false,"template":"","format":"standard","meta":[],"categories":[67],"tags":[],"_links":{"self":[{"href":"http:\/\/alergia.org.pl\/index.php\/wp-json\/wp\/v2\/posts\/2208"}],"collection":[{"href":"http:\/\/alergia.org.pl\/index.php\/wp-json\/wp\/v2\/posts"}],"about":[{"href":"http:\/\/alergia.org.pl\/index.php\/wp-json\/wp\/v2\/types\/post"}],"author":[{"embeddable":true,"href":"http:\/\/alergia.org.pl\/index.php\/wp-json\/wp\/v2\/users\/13"}],"replies":[{"embeddable":true,"href":"http:\/\/alergia.org.pl\/index.php\/wp-json\/wp\/v2\/comments?post=2208"}],"version-history":[{"count":1,"href":"http:\/\/alergia.org.pl\/index.php\/wp-json\/wp\/v2\/posts\/2208\/revisions"}],"predecessor-version":[{"id":2209,"href":"http:\/\/alergia.org.pl\/index.php\/wp-json\/wp\/v2\/posts\/2208\/revisions\/2209"}],"wp:attachment":[{"href":"http:\/\/alergia.org.pl\/index.php\/wp-json\/wp\/v2\/media?parent=2208"}],"wp:term":[{"taxonomy":"category","embeddable":true,"href":"http:\/\/alergia.org.pl\/index.php\/wp-json\/wp\/v2\/categories?post=2208"},{"taxonomy":"post_tag","embeddable":true,"href":"http:\/\/alergia.org.pl\/index.php\/wp-json\/wp\/v2\/tags?post=2208"}],"curies":[{"name":"wp","href":"https:\/\/api.w.org\/{rel}","templated":true}]}}