{"id":2204,"date":"2019-02-07T14:41:25","date_gmt":"2019-02-07T13:41:25","guid":{"rendered":"http:\/\/alergia.org.pl\/?p=2204"},"modified":"2019-02-07T14:47:00","modified_gmt":"2019-02-07T13:47:00","slug":"komponenty-pylku-traw-na-przykladzie-tymotki","status":"publish","type":"post","link":"http:\/\/alergia.org.pl\/index.php\/2019\/02\/07\/komponenty-pylku-traw-na-przykladzie-tymotki\/","title":{"rendered":"Komponenty py\u0142ku traw na przyk\u0142adzie tymotki"},"content":{"rendered":"<a href=\"http:\/\/alergia.org.pl\/wp-content\/uploads\/2019\/02\/3_2018_Buczy\u0142ko_Komponenty_py\u0142ku_traw_na_przyk\u0142adzie_tymotki01.pdf\" class=\"pdfemb-viewer\" style=\"\" data-width=\"max\" data-height=\"max\"  data-toolbar=\"both\" data-toolbar-fixed=\"on\">3_2018_Buczy\u0142ko_Komponenty_py\u0142ku_traw_na_przyk\u0142adzie_tymotki01<br\/><\/a>\n","protected":false},"excerpt":{"rendered":"","protected":false},"author":13,"featured_media":0,"comment_status":"closed","ping_status":"closed","sticky":false,"template":"","format":"standard","meta":[],"categories":[67,1],"tags":[],"_links":{"self":[{"href":"http:\/\/alergia.org.pl\/index.php\/wp-json\/wp\/v2\/posts\/2204"}],"collection":[{"href":"http:\/\/alergia.org.pl\/index.php\/wp-json\/wp\/v2\/posts"}],"about":[{"href":"http:\/\/alergia.org.pl\/index.php\/wp-json\/wp\/v2\/types\/post"}],"author":[{"embeddable":true,"href":"http:\/\/alergia.org.pl\/index.php\/wp-json\/wp\/v2\/users\/13"}],"replies":[{"embeddable":true,"href":"http:\/\/alergia.org.pl\/index.php\/wp-json\/wp\/v2\/comments?post=2204"}],"version-history":[{"count":1,"href":"http:\/\/alergia.org.pl\/index.php\/wp-json\/wp\/v2\/posts\/2204\/revisions"}],"predecessor-version":[{"id":2205,"href":"http:\/\/alergia.org.pl\/index.php\/wp-json\/wp\/v2\/posts\/2204\/revisions\/2205"}],"wp:attachment":[{"href":"http:\/\/alergia.org.pl\/index.php\/wp-json\/wp\/v2\/media?parent=2204"}],"wp:term":[{"taxonomy":"category","embeddable":true,"href":"http:\/\/alergia.org.pl\/index.php\/wp-json\/wp\/v2\/categories?post=2204"},{"taxonomy":"post_tag","embeddable":true,"href":"http:\/\/alergia.org.pl\/index.php\/wp-json\/wp\/v2\/tags?post=2204"}],"curies":[{"name":"wp","href":"https:\/\/api.w.org\/{rel}","templated":true}]}}