{"id":160,"date":"2017-07-06T00:56:05","date_gmt":"2017-07-05T22:56:05","guid":{"rendered":"http:\/\/alergia.org.pl\/?p=160"},"modified":"2017-08-10T01:09:06","modified_gmt":"2017-08-09T23:09:06","slug":"zespol-nakladania-czy-wymaga-odmiennego-podejscia-w-terapii-inhalacyjnej","status":"publish","type":"post","link":"http:\/\/alergia.org.pl\/index.php\/2017\/07\/06\/zespol-nakladania-czy-wymaga-odmiennego-podejscia-w-terapii-inhalacyjnej\/","title":{"rendered":"Zesp\u00f3\u0142 nak\u0142adania \u2013 czy wymaga odmiennego podej\u015bcia w terapii inhalacyjnej."},"content":{"rendered":"<a href=\"http:\/\/alergia.org.pl\/wp-content\/uploads\/2017\/07\/alergia-4-2016.p40-42.pdf\" class=\"pdfemb-viewer\" style=\"\" data-width=\"max\" data-height=\"max\"  data-toolbar=\"both\" data-toolbar-fixed=\"on\">Zesp\u00f3\u0142 nak\u0142adania \u2013 czy wymaga odmiennego podej\u015bcia w terapii inhalacyjnej<br\/><\/a>\n","protected":false},"excerpt":{"rendered":"","protected":false},"author":7,"featured_media":0,"comment_status":"closed","ping_status":"closed","sticky":false,"template":"","format":"standard","meta":[],"categories":[23],"tags":[],"_links":{"self":[{"href":"http:\/\/alergia.org.pl\/index.php\/wp-json\/wp\/v2\/posts\/160"}],"collection":[{"href":"http:\/\/alergia.org.pl\/index.php\/wp-json\/wp\/v2\/posts"}],"about":[{"href":"http:\/\/alergia.org.pl\/index.php\/wp-json\/wp\/v2\/types\/post"}],"author":[{"embeddable":true,"href":"http:\/\/alergia.org.pl\/index.php\/wp-json\/wp\/v2\/users\/7"}],"replies":[{"embeddable":true,"href":"http:\/\/alergia.org.pl\/index.php\/wp-json\/wp\/v2\/comments?post=160"}],"version-history":[{"count":2,"href":"http:\/\/alergia.org.pl\/index.php\/wp-json\/wp\/v2\/posts\/160\/revisions"}],"predecessor-version":[{"id":223,"href":"http:\/\/alergia.org.pl\/index.php\/wp-json\/wp\/v2\/posts\/160\/revisions\/223"}],"wp:attachment":[{"href":"http:\/\/alergia.org.pl\/index.php\/wp-json\/wp\/v2\/media?parent=160"}],"wp:term":[{"taxonomy":"category","embeddable":true,"href":"http:\/\/alergia.org.pl\/index.php\/wp-json\/wp\/v2\/categories?post=160"},{"taxonomy":"post_tag","embeddable":true,"href":"http:\/\/alergia.org.pl\/index.php\/wp-json\/wp\/v2\/tags?post=160"}],"curies":[{"name":"wp","href":"https:\/\/api.w.org\/{rel}","templated":true}]}}