{"id":1568,"date":"2017-08-22T14:03:13","date_gmt":"2017-08-22T12:03:13","guid":{"rendered":"http:\/\/alergia.org.pl\/?p=1568"},"modified":"2017-08-22T14:03:13","modified_gmt":"2017-08-22T12:03:13","slug":"trudnosci-w-leczeniu-chorych-na-pokrzywke-przewlekla-przyklady-kliniczne","status":"publish","type":"post","link":"http:\/\/alergia.org.pl\/index.php\/2017\/08\/22\/trudnosci-w-leczeniu-chorych-na-pokrzywke-przewlekla-przyklady-kliniczne\/","title":{"rendered":"Trudno\u015bci w leczeniu chorych na pokrzywk\u0119 przewlek\u0142\u0105 \u2013 przyk\u0142ady kliniczne"},"content":{"rendered":"<a href=\"http:\/\/alergia.org.pl\/wp-content\/uploads\/2017\/08\/Trudno\u015bci-w-leczeniu-chorych-na-pokrzywk\u0119-przewlek\u0142\u0105-\u2013-przyk\u0142ady-kliniczne.pdf\" class=\"pdfemb-viewer\" style=\"\" data-width=\"max\" data-height=\"max\"  data-toolbar=\"both\" data-toolbar-fixed=\"on\">Trudno\u015bci w leczeniu chorych na pokrzywk\u0119 przewlek\u0142\u0105 \u2013 przyk\u0142ady kliniczne<br\/><\/a>\n","protected":false},"excerpt":{"rendered":"","protected":false},"author":1,"featured_media":0,"comment_status":"closed","ping_status":"closed","sticky":false,"template":"","format":"standard","meta":[],"categories":[57],"tags":[],"_links":{"self":[{"href":"http:\/\/alergia.org.pl\/index.php\/wp-json\/wp\/v2\/posts\/1568"}],"collection":[{"href":"http:\/\/alergia.org.pl\/index.php\/wp-json\/wp\/v2\/posts"}],"about":[{"href":"http:\/\/alergia.org.pl\/index.php\/wp-json\/wp\/v2\/types\/post"}],"author":[{"embeddable":true,"href":"http:\/\/alergia.org.pl\/index.php\/wp-json\/wp\/v2\/users\/1"}],"replies":[{"embeddable":true,"href":"http:\/\/alergia.org.pl\/index.php\/wp-json\/wp\/v2\/comments?post=1568"}],"version-history":[{"count":1,"href":"http:\/\/alergia.org.pl\/index.php\/wp-json\/wp\/v2\/posts\/1568\/revisions"}],"predecessor-version":[{"id":1590,"href":"http:\/\/alergia.org.pl\/index.php\/wp-json\/wp\/v2\/posts\/1568\/revisions\/1590"}],"wp:attachment":[{"href":"http:\/\/alergia.org.pl\/index.php\/wp-json\/wp\/v2\/media?parent=1568"}],"wp:term":[{"taxonomy":"category","embeddable":true,"href":"http:\/\/alergia.org.pl\/index.php\/wp-json\/wp\/v2\/categories?post=1568"},{"taxonomy":"post_tag","embeddable":true,"href":"http:\/\/alergia.org.pl\/index.php\/wp-json\/wp\/v2\/tags?post=1568"}],"curies":[{"name":"wp","href":"https:\/\/api.w.org\/{rel}","templated":true}]}}